{"id":8800,"date":"2021-02-16T09:56:09","date_gmt":"2021-02-16T12:56:09","guid":{"rendered":"http:\/\/www.funceme.br\/?p=8800"},"modified":"2021-02-17T10:41:54","modified_gmt":"2021-02-17T13:41:54","slug":"chove-em-mais-de-110-municipios-do-ceara-crateus-tem-o-maior-acumulado-de-2021","status":"publish","type":"post","link":"http:\/\/www.funceme.br\/?p=8800","title":{"rendered":"Chove em 141 munic\u00edpios do Cear\u00e1; Crate\u00fas tem o maior acumulado de 2021"},"content":{"rendered":"<div id=\"attachment_8801\" style=\"width: 730px\" class=\"wp-caption aligncenter\"><a href=\"http:\/\/www.funceme.br\/wp-content\/uploads\/2021\/02\/WhatsApp-Image-2021-02-16-at-07.33.42.jpeg\"><img aria-describedby=\"caption-attachment-8801\" decoding=\"async\" loading=\"lazy\" class=\"wp-image-8801\" src=\"http:\/\/www.funceme.br\/wp-content\/uploads\/2021\/02\/WhatsApp-Image-2021-02-16-at-07.33.42.jpeg\" alt=\"Precipita\u00e7\u00f5es chegaram a todas as macrorregi\u00f5es (FOTO: Alex Pimentel)\" width=\"720\" height=\"404\" srcset=\"http:\/\/www.funceme.br\/wp-content\/uploads\/2021\/02\/WhatsApp-Image-2021-02-16-at-07.33.42.jpeg 1024w, http:\/\/www.funceme.br\/wp-content\/uploads\/2021\/02\/WhatsApp-Image-2021-02-16-at-07.33.42-600x337.jpeg 600w, http:\/\/www.funceme.br\/wp-content\/uploads\/2021\/02\/WhatsApp-Image-2021-02-16-at-07.33.42-768x431.jpeg 768w\" sizes=\"(max-width: 720px) 100vw, 720px\" \/><\/a><p id=\"caption-attachment-8801\" class=\"wp-caption-text\"><span style=\"color: #6b6b6b;\"><em>Precipita\u00e7\u00f5es chegaram a todas as macrorregi\u00f5es (FOTO: Alex Pimentel)<\/em><\/span><\/p><\/div>\n<p><span style=\"font-weight: 400;\">O Cear\u00e1 registrou chuvas em, pelo menos, 141 munic\u00edpios no intervalo entre as 7h desta segunda (15) e as 7h desta ter\u00e7a-feira (16), conforme balan\u00e7o parcial da Funda\u00e7\u00e3o Cearense de Meteorologia e Recursos H\u00eddricos (Funceme).<\/span><\/p>\n<p><span style=\"font-weight: 400;\">Os maiores acumulados deste intervalo de 24 horas foram em<\/span><\/p>\n<p><span style=\"font-weight: 400;\">-Crate\u00fas (Posto Santa Terezinha) : 200 mm<\/span><\/p>\n<p><span style=\"font-weight: 400;\">-Quiterian\u00f3polis (Posto Cruz) : 170 mm<\/span><\/p>\n<p><span style=\"font-weight: 400;\">-Crate\u00fas (Posto Bel\u00e9m) : 170 mm<\/span><\/p>\n<p><span style=\"font-weight: 400;\">-Jati (Posto Sitio Macap\u00e1) : 167,6 mm<\/span><\/p>\n<p><span style=\"font-weight: 400;\">-Milagres (Posto Milagres) : 160,5 mm<\/span><\/p>\n<p><span style=\"font-weight: 400;\">O observado em Crate\u00fas foi, inclusive, o maior do ano at\u00e9 este momento. Os dados s\u00e3o preliminares. Para mais detalhes, basta acessar funceme.br\/calendario.<\/span><\/p>\n<p><span style=\"font-weight: 400;\">As precipita\u00e7\u00f5es recentes tiveram influ\u00eancia da Zona de Converg\u00eancia Intertropical (ZCIT), principal sistema indutor de chuvas neste per\u00edodo do ano e que aproximou-se do noroeste do Estado. Ao longo do dia, s\u00e3o esperados mais acumulados em todas as macrorregi\u00f5es do Cear\u00e1.<\/span><\/p>\n<p><span style=\"font-weight: 400;\">A tend\u00eancia \u00e9 de que a ZCIT permane\u00e7a na atual posi\u00e7\u00e3o at\u00e9 amanh\u00e3, quando dever\u00e1 afastar-se em dire\u00e7\u00e3o ao Maranh\u00e3o.<\/span><\/p>\n","protected":false},"excerpt":{"rendered":"<p>O Cear\u00e1 registrou chuvas em, pelo menos, 115 munic\u00edpios no intervalo entre as 7h desta segunda (15) e as 7h desta ter\u00e7a-feira (16), conforme balan\u00e7o parcial da Funda\u00e7\u00e3o Cearense de Meteorologia e Recursos H\u00eddricos (Funceme).<\/p>\n","protected":false},"author":4,"featured_media":8801,"comment_status":"closed","ping_status":"open","sticky":false,"template":"","format":"standard","meta":[],"categories":[81,15],"tags":[47,228],"acf":[],"_links":{"self":[{"href":"http:\/\/www.funceme.br\/index.php?rest_route=\/wp\/v2\/posts\/8800"}],"collection":[{"href":"http:\/\/www.funceme.br\/index.php?rest_route=\/wp\/v2\/posts"}],"about":[{"href":"http:\/\/www.funceme.br\/index.php?rest_route=\/wp\/v2\/types\/post"}],"author":[{"embeddable":true,"href":"http:\/\/www.funceme.br\/index.php?rest_route=\/wp\/v2\/users\/4"}],"replies":[{"embeddable":true,"href":"http:\/\/www.funceme.br\/index.php?rest_route=%2Fwp%2Fv2%2Fcomments&post=8800"}],"version-history":[{"count":2,"href":"http:\/\/www.funceme.br\/index.php?rest_route=\/wp\/v2\/posts\/8800\/revisions"}],"predecessor-version":[{"id":8804,"href":"http:\/\/www.funceme.br\/index.php?rest_route=\/wp\/v2\/posts\/8800\/revisions\/8804"}],"wp:featuredmedia":[{"embeddable":true,"href":"http:\/\/www.funceme.br\/index.php?rest_route=\/wp\/v2\/media\/8801"}],"wp:attachment":[{"href":"http:\/\/www.funceme.br\/index.php?rest_route=%2Fwp%2Fv2%2Fmedia&parent=8800"}],"wp:term":[{"taxonomy":"category","embeddable":true,"href":"http:\/\/www.funceme.br\/index.php?rest_route=%2Fwp%2Fv2%2Fcategories&post=8800"},{"taxonomy":"post_tag","embeddable":true,"href":"http:\/\/www.funceme.br\/index.php?rest_route=%2Fwp%2Fv2%2Ftags&post=8800"}],"curies":[{"name":"wp","href":"https:\/\/api.w.org\/{rel}","templated":true}]}}