{"id":8835,"date":"2021-02-23T17:37:41","date_gmt":"2021-02-23T20:37:41","guid":{"rendered":"http:\/\/www.funceme.br\/?p=8835"},"modified":"2021-02-23T17:49:39","modified_gmt":"2021-02-23T20:49:39","slug":"funceme-e-instituicoes-francesas-assinam-acordo-para-inicio-das-atividades-do-projeto-sertoes","status":"publish","type":"post","link":"http:\/\/www.funceme.br\/?p=8835","title":{"rendered":"Funceme e institui\u00e7\u00f5es francesas assinam acordo para in\u00edcio das atividades do Projeto Sert\u00f5es"},"content":{"rendered":"<div id=\"attachment_8837\" style=\"width: 730px\" class=\"wp-caption aligncenter\"><a href=\"http:\/\/www.funceme.br\/wp-content\/uploads\/2021\/02\/WhatsApp-Image-2021-02-23-at-17.19.38.jpeg\"><img aria-describedby=\"caption-attachment-8837\" decoding=\"async\" loading=\"lazy\" class=\"wp-image-8837\" src=\"http:\/\/www.funceme.br\/wp-content\/uploads\/2021\/02\/WhatsApp-Image-2021-02-23-at-17.19.38.jpeg\" alt=\"Lamine Sow, diretor-adjunto da AFD no Brasil, apresentou assinatura do documento (FOTO: Reprodu\u00e7\u00e3o)\" width=\"720\" height=\"386\" srcset=\"http:\/\/www.funceme.br\/wp-content\/uploads\/2021\/02\/WhatsApp-Image-2021-02-23-at-17.19.38.jpeg 994w, http:\/\/www.funceme.br\/wp-content\/uploads\/2021\/02\/WhatsApp-Image-2021-02-23-at-17.19.38-600x322.jpeg 600w, http:\/\/www.funceme.br\/wp-content\/uploads\/2021\/02\/WhatsApp-Image-2021-02-23-at-17.19.38-768x412.jpeg 768w\" sizes=\"(max-width: 720px) 100vw, 720px\" \/><\/a><p id=\"caption-attachment-8837\" class=\"wp-caption-text\"><span style=\"color: #6b6b6b;\"><em>Lamine Sow, diretor-adjunto da AFD no Brasil, apresentou assinatura do documento (FOTO: Reprodu\u00e7\u00e3o)<\/em><\/span><\/p><\/div>\n<p>&nbsp;<\/p>\n<p><span style=\"font-weight: 400;\">A Funda\u00e7\u00e3o Cearense de Meteorologia e Recursos H\u00eddricos (Funceme) celebrou, na manh\u00e3 desta ter\u00e7a-feira (23), em evento virtual com representantes do governo estadual, da Ag\u00eancia Francesa de Desenvolvimento (AFD) e do Centro de Coopera\u00e7\u00e3o Internacional em Pesquisa Agron\u00f4mica para o Desenvolvimento (Cirad), a assinatura do projeto<\/span><b> Sert\u00f5es.<\/b><\/p>\n<p><span style=\"font-weight: 400;\">O projeto visa reduzir os impactos ambientais do desenvolvimento rural desenvolvendo atividades econ\u00f4micas com baixo teor de carbono. A assinatura realizada hoje se deu ap\u00f3s acordo firmado em setembro de 2020 por meio de um Memorando de Entendimento entre a AFD e a Funceme para a implementa\u00e7\u00e3o de um programa de apoio \u00e0 elabora\u00e7\u00e3o de trajet\u00f3rias de desenvolvimento resilientes e com baixo teor de carbono na regi\u00e3o Nordeste.\u00a0<\/span><\/p>\n<p><span style=\"font-weight: 400;\">O valor a ser investido \u00e9 de 950 mil euros (cerca de R$ 6,2 milh\u00f5es) e se dar\u00e1 atrav\u00e9s da ferramenta \u201cFacilit\u00e9 2050\u201d da AFD, que foi criada ap\u00f3s a One Planet Summit, ocorrida em dezembro de 2017, em Paris. Ela apoiar\u00e1 cerca de 30 pa\u00edses na constru\u00e7\u00e3o de trajet\u00f3rias de desenvolvimento resilientes e de baixo carbono, compat\u00edveis com os objetivos do Acordo de Paris. Trata-se do <\/span><b>primeiro estudo financiado pelo programa no Brasil.<\/b><\/p>\n<p><span style=\"font-weight: 400;\">O Cirad e a Funceme estar\u00e3o encarregados da gest\u00e3o t\u00e9cnica e cient\u00edfica. No total, os estudos levar\u00e3o tr\u00eas anos a partir desta assinatura. J\u00e1 nos pr\u00f3ximos dias, pesquisadores do Brasil e da Fran\u00e7a estar\u00e3o reunidos, de forma online, para discutirem os primeiros passos das pesquisas.<\/span><\/p>\n<p><span style=\"font-weight: 400;\">\u00a0\u201cEste projeto \u00e9 fruto de intensa reflex\u00e3o e de uma parceria com o Cirad h\u00e1 quase 20 anos. Hoje precisamos mudar o paradigma da a\u00e7\u00e3o p\u00fablica: passar de uma vis\u00e3o setorial para abordagens territoriais integrando os setores de \u00e1gua, agricultura e energia. Gostaria de agradecer ao Cirad por seu apoio nesta reflex\u00e3o conjunta de pesquisa sobre trajet\u00f3rias de desenvolvimento sustent\u00e1vel\u201d, comentou o presidente da Funceme, Eduardo S\u00e1vio Martins.<\/span><\/p>\n<p><span style=\"font-weight: 400;\">O m\u00e9todo defendido ser\u00e1 refletir sobre a gest\u00e3o de territ\u00f3rios, passando de uma vis\u00e3o setorial para uma vis\u00e3o mais integrada, considerando as rela\u00e7\u00f5es entre recursos h\u00eddricos, agricultura e produ\u00e7\u00e3o de energia. Essa troca de experi\u00eancias entre Funceme e institui\u00e7\u00f5es francesas j\u00e1 tem uma longa trajet\u00f3ria e foi comemorada na manh\u00e3 desta ter\u00e7a.<\/span><\/p>\n<p><span style=\"font-weight: 400;\">\u201cEste lan\u00e7amento tem tudo a ver com uma forte tradi\u00e7\u00e3o de coopera\u00e7\u00e3o entre a Fran\u00e7a e o Brasil, principalmente no Estado do Cear\u00e1. Gostaria de estar com voc\u00eas pessoalmente para celebrar este acordo, mas sei que estamos passando por um momento dif\u00edcil, tanto no Brasil como na Europa. Por\u00e9m, espero que isso tudo n\u00e3o vai nos distanciar, mas nos aproximar cada vez mais, porque desde os anos 90 o Cear\u00e1 vem colaborando com a Fran\u00e7a, principalmente no que diz respeito \u00e0 agricultura familiar, gest\u00e3o dos recursos h\u00eddricos. \u00c9 uma parceria fundamental e eu queria agradecer os meus colegas brasileiros,\u00a0 e o envolvimento do Cirad num projeto que procura atender necessidades\u00a0 principalmente nessa abordagem territorial pensando na sustentabilidade\u201d, celebrou o presidente e diretor-geral do Cirad.<\/span><\/p>\n<p><b>Atividades<\/b><\/p>\n<p><span style=\"font-weight: 400;\">Durante o per\u00edodo de pesquisa e levantamento de informa\u00e7\u00f5es, os cientistas v\u00e3o orquestrar um processo de consulta em grande escala entre muitos participantes, de produtores rurais a governantes. Essas trocas de pontos de vista sobre o uso do territ\u00f3rio e seus recursos t\u00eam dois objetivos: identificar as alavancas de uma transi\u00e7\u00e3o agroecol\u00f3gica e co-construir novos modos de governan\u00e7a local da \u00e1gua e do meio rural.<\/span><\/p>\n<p><span style=\"font-weight: 400;\">\u201cPara poder implementar essa ferramenta de maneira completa \u00e9 preciso um ecossistema cient\u00edfico, t\u00e9cnico e institucional. E n\u00f3s temos tudo isso presente aqui e isso vai nos permitir avan\u00e7ar nesta parceria. De fato, o Estado do Cear\u00e1 tem implementado, ao longo da \u00faltima d\u00e9cada, diversas medidas de enfrentamento \u00e0s mudan\u00e7as clim\u00e1ticas, como estabelecimento de espa\u00e7os de discuss\u00f5es, cria\u00e7\u00e3o de planos e pol\u00edticas voltadas para o desenvolvimento sustent\u00e1vel de longo prazo. Ent\u00e3o, por meio das a\u00e7\u00f5es previstas no projeto sert\u00f5es, a AFD e os parceiros ir\u00e3o contribuir para uma gest\u00e3o integrada dos recursos h\u00eddricos, apoiando a transi\u00e7\u00e3o para uma agricultura sustent\u00e1vel, pois sabemos o papel central que \u00e9 feito pelos atores locais e este \u00e9 o motivo que o projeto vai contar com forma\u00e7\u00f5es , ateli\u00eas entre outros para poder fazer troca de experi\u00eancias e apoio \u00e0 governan\u00e7a local\u201d, comenta o diretor-adjunto da AFD no Brasil, Lamine Sou.<\/span><\/p>\n<p><b>Futuro<\/b><\/p>\n<p><span style=\"font-weight: 400;\">Os resultados desta coopera\u00e7\u00e3o ser\u00e3o apresentados pela AFD na plataforma 2050 Pathways. Essa iniciativa com v\u00e1rias partes interessadas foi lan\u00e7ada na COP 22 para apoiar os pa\u00edses que buscam desenvolver trajet\u00f3rias de longo prazo que sejam neutras em carbono, resilientes \u00e0s mudan\u00e7as clim\u00e1ticas e compat\u00edveis com o desenvolvimento sustent\u00e1vel.<\/span><\/p>\n","protected":false},"excerpt":{"rendered":"<p>A Funda\u00e7\u00e3o Cearense de Meteorologia e Recursos H\u00eddricos (Funceme) celebrou, na manh\u00e3 desta ter\u00e7a-feira (23), em evento virtual com representantes do governo estadual, da Ag\u00eancia Francesa de Desenvolvimento (AFD) e do Centro de Coopera\u00e7\u00e3o Internacional em Pesquisa Agron\u00f4mica para o Desenvolvimento (Cirad), a assinatura do projeto Sert\u00f5es.<\/p>\n","protected":false},"author":4,"featured_media":8837,"comment_status":"closed","ping_status":"open","sticky":false,"template":"","format":"standard","meta":[],"categories":[268,15],"tags":[434,57,80,238,68,450],"acf":[],"_links":{"self":[{"href":"http:\/\/www.funceme.br\/index.php?rest_route=\/wp\/v2\/posts\/8835"}],"collection":[{"href":"http:\/\/www.funceme.br\/index.php?rest_route=\/wp\/v2\/posts"}],"about":[{"href":"http:\/\/www.funceme.br\/index.php?rest_route=\/wp\/v2\/types\/post"}],"author":[{"embeddable":true,"href":"http:\/\/www.funceme.br\/index.php?rest_route=\/wp\/v2\/users\/4"}],"replies":[{"embeddable":true,"href":"http:\/\/www.funceme.br\/index.php?rest_route=%2Fwp%2Fv2%2Fcomments&post=8835"}],"version-history":[{"count":2,"href":"http:\/\/www.funceme.br\/index.php?rest_route=\/wp\/v2\/posts\/8835\/revisions"}],"predecessor-version":[{"id":8839,"href":"http:\/\/www.funceme.br\/index.php?rest_route=\/wp\/v2\/posts\/8835\/revisions\/8839"}],"wp:featuredmedia":[{"embeddable":true,"href":"http:\/\/www.funceme.br\/index.php?rest_route=\/wp\/v2\/media\/8837"}],"wp:attachment":[{"href":"http:\/\/www.funceme.br\/index.php?rest_route=%2Fwp%2Fv2%2Fmedia&parent=8835"}],"wp:term":[{"taxonomy":"category","embeddable":true,"href":"http:\/\/www.funceme.br\/index.php?rest_route=%2Fwp%2Fv2%2Fcategories&post=8835"},{"taxonomy":"post_tag","embeddable":true,"href":"http:\/\/www.funceme.br\/index.php?rest_route=%2Fwp%2Fv2%2Ftags&post=8835"}],"curies":[{"name":"wp","href":"https:\/\/api.w.org\/{rel}","templated":true}]}}