{"id":8915,"date":"2021-03-15T20:03:03","date_gmt":"2021-03-15T23:03:03","guid":{"rendered":"http:\/\/www.funceme.br\/?p=8915"},"modified":"2021-03-17T15:03:21","modified_gmt":"2021-03-17T18:03:21","slug":"governo-do-ceara-publica-nomeacao-de-aprovados-em-concurso-da-funceme","status":"publish","type":"post","link":"http:\/\/www.funceme.br\/?p=8915","title":{"rendered":"Governo do Cear\u00e1 publica nomea\u00e7\u00e3o de aprovados em concurso da Funceme"},"content":{"rendered":"<p><span style=\"font-weight: 400;\">O Governo do Cear\u00e1, por meio do governador Camilo Santana, publicou, no Di\u00e1rio Oficial do Estado desta segunda-feira (15), a nomea\u00e7\u00e3o de candidatos aprovados no concurso da Funda\u00e7\u00e3o Cearense de Meteorologia e Recursos H\u00eddricos (Funceme).<\/span><\/p>\n<p><span style=\"font-weight: 400;\">Ao todo, ser\u00e3o nomeados 26 profissionais para o cargo de Pesquisador nas \u00e1reas de Meteorologia, Monitoramento, Recursos Ambientais, Recursos H\u00eddricos e Inform\u00e1tica.\u00a0<\/span><\/p>\n<p><span style=\"font-weight: 400;\">Os\/as aprovados\/as dever\u00e3o comparecer \u00e0 sede da\u00a0 Funceme, no prazo de at\u00e9 30 dias, a contar da publica\u00e7\u00e3o do DOE, nos hor\u00e1rios das 08h \u00e0s 12h e das 13h \u00e0s 17h, para apresentar a documenta\u00e7\u00e3o descrita no documento oficial e, em breve, tomar posse nos respectivos cargos.<\/span><\/p>\n<p><span style=\"font-weight: 400;\">A abertura do concurso deu-se em maio de 2018 e contou com 3.198 inscri\u00e7\u00f5es. O processo de sele\u00e7\u00e3o foi composto de duas fases, sendo a primeira de prova e a segunda de avalia\u00e7\u00e3o de t\u00edtulos. A convoca\u00e7\u00e3o se deu em dezembro de 2019. Havia expectativa da nomea\u00e7\u00e3o ocorrer em 2020, por\u00e9m, foi suspensa ap\u00f3s o decreto relacionado \u00e0 pandemia da Covid-19.<\/span><\/p>\n","protected":false},"excerpt":{"rendered":"<p>O Governo do Cear\u00e1, por meio do governador Camilo Santana, publicou, no Di\u00e1rio Oficial do Estado desta segunda-feira (15), a nomea\u00e7\u00e3o de candidatos aprovados no concurso da Funda\u00e7\u00e3o Cearense de Meteorologia e Recursos H\u00eddricos (Funceme).<\/p>\n","protected":false},"author":4,"featured_media":0,"comment_status":"closed","ping_status":"open","sticky":false,"template":"","format":"standard","meta":[],"categories":[352,15],"tags":[73],"acf":[],"_links":{"self":[{"href":"http:\/\/www.funceme.br\/index.php?rest_route=\/wp\/v2\/posts\/8915"}],"collection":[{"href":"http:\/\/www.funceme.br\/index.php?rest_route=\/wp\/v2\/posts"}],"about":[{"href":"http:\/\/www.funceme.br\/index.php?rest_route=\/wp\/v2\/types\/post"}],"author":[{"embeddable":true,"href":"http:\/\/www.funceme.br\/index.php?rest_route=\/wp\/v2\/users\/4"}],"replies":[{"embeddable":true,"href":"http:\/\/www.funceme.br\/index.php?rest_route=%2Fwp%2Fv2%2Fcomments&post=8915"}],"version-history":[{"count":1,"href":"http:\/\/www.funceme.br\/index.php?rest_route=\/wp\/v2\/posts\/8915\/revisions"}],"predecessor-version":[{"id":8916,"href":"http:\/\/www.funceme.br\/index.php?rest_route=\/wp\/v2\/posts\/8915\/revisions\/8916"}],"wp:attachment":[{"href":"http:\/\/www.funceme.br\/index.php?rest_route=%2Fwp%2Fv2%2Fmedia&parent=8915"}],"wp:term":[{"taxonomy":"category","embeddable":true,"href":"http:\/\/www.funceme.br\/index.php?rest_route=%2Fwp%2Fv2%2Fcategories&post=8915"},{"taxonomy":"post_tag","embeddable":true,"href":"http:\/\/www.funceme.br\/index.php?rest_route=%2Fwp%2Fv2%2Ftags&post=8915"}],"curies":[{"name":"wp","href":"https:\/\/api.w.org\/{rel}","templated":true}]}}