{"id":8934,"date":"2021-03-24T11:00:25","date_gmt":"2021-03-24T14:00:25","guid":{"rendered":"http:\/\/www.funceme.br\/?p=8934"},"modified":"2021-03-24T18:19:51","modified_gmt":"2021-03-24T21:19:51","slug":"crateus-e-itapipoca-tem-maiores-acumulados-de-chuva-entre-terca-23-e-quarta-feira-24","status":"publish","type":"post","link":"http:\/\/www.funceme.br\/?p=8934","title":{"rendered":"Crate\u00fas e Itapipoca t\u00eam maiores acumulados de chuva entre ter\u00e7a (23) e quarta-feira (24)"},"content":{"rendered":"<div id=\"attachment_8935\" style=\"width: 730px\" class=\"wp-caption aligncenter\"><a href=\"http:\/\/www.funceme.br\/wp-content\/uploads\/2021\/03\/WhatsApp-Image-2021-03-23-at-17.55.43.jpeg\"><img aria-describedby=\"caption-attachment-8935\" decoding=\"async\" loading=\"lazy\" class=\"wp-image-8935\" src=\"http:\/\/www.funceme.br\/wp-content\/uploads\/2021\/03\/WhatsApp-Image-2021-03-23-at-17.55.43.jpeg\" alt=\"Cariri est\u00e1 entre as regi\u00f5es que vemconcentrando chuvas expressivas (FOTO: Marciel Bezerra)\" width=\"720\" height=\"404\" srcset=\"http:\/\/www.funceme.br\/wp-content\/uploads\/2021\/03\/WhatsApp-Image-2021-03-23-at-17.55.43.jpeg 1280w, http:\/\/www.funceme.br\/wp-content\/uploads\/2021\/03\/WhatsApp-Image-2021-03-23-at-17.55.43-600x337.jpeg 600w, http:\/\/www.funceme.br\/wp-content\/uploads\/2021\/03\/WhatsApp-Image-2021-03-23-at-17.55.43-1200x673.jpeg 1200w, http:\/\/www.funceme.br\/wp-content\/uploads\/2021\/03\/WhatsApp-Image-2021-03-23-at-17.55.43-768x431.jpeg 768w\" sizes=\"(max-width: 720px) 100vw, 720px\" \/><\/a><p id=\"caption-attachment-8935\" class=\"wp-caption-text\"><span style=\"color: #6b6b6b;\"><em>Cariri est\u00e1 entre as regi\u00f5es que vem concentrando chuvas expressivas (FOTO: Marciel Bezerra)<\/em><\/span><\/p><\/div>\n<p style=\"text-align: justify;\"><span style=\"font-weight: 400;\">O Cear\u00e1 registrou chuvas em, pelo menos, 126 munic\u00edpios entre as 7h de ter\u00e7a (23) e as 7h desta quarta-feira (24). Em conformidade com a previs\u00e3o indicada anteriormente pela Funda\u00e7\u00e3o Cearense de Meteorologia e Recursos H\u00eddricos (Funceme), houve precipita\u00e7\u00f5es em todas as macrorregi\u00f5es.<\/span><\/p>\n<p style=\"text-align: justify;\"><span style=\"font-weight: 400;\">Os principais acumulados intervalo de 24 horas citado foram os seguintes:<\/span><\/p>\n<p style=\"text-align: justify;\"><span style=\"font-weight: 400;\">&#8211; Crate\u00fas: 93 mm<\/span><\/p>\n<p style=\"text-align: justify;\"><span style=\"font-weight: 400;\">&#8211; Itapipoca: 86.6 mm<\/span><\/p>\n<p style=\"text-align: justify;\"><span style=\"font-weight: 400;\">&#8211; Marco: 76 mm<\/span><\/p>\n<p style=\"text-align: justify;\"><span style=\"font-weight: 400;\">&#8211; Jaguaruana: 72 mm<\/span><\/p>\n<p style=\"text-align: justify;\"><span style=\"font-weight: 400;\">&#8211; Irau\u00e7uba: 72 mm<\/span><\/p>\n<p style=\"text-align: justify;\"><span style=\"font-weight: 400;\">As precipita\u00e7\u00f5es est\u00e3o associadas \u00e0 localiza\u00e7\u00e3o da Zona de Converg\u00eancia Intertropical (ZCIT). O principal sistema indutor de chuvas no Cear\u00e1 neste per\u00edodo do ano encontra-se entre as latitudes 1\u00b0 e 2\u00b0S. Al\u00e9m disso, outros fatores locais como umidade, altitude e brisa terrestre t\u00eam colaborado para registros em todas as \u00e1reas do Estado.<\/span><\/p>\n","protected":false},"excerpt":{"rendered":"<p>O Cear\u00e1 registrou chuvas em, pelo menos, 126 munic\u00edpios entre as 7h de ter\u00e7a (23) e as 7h desta quarta-feira (24). Em conformidade com a previs\u00e3o indicada anteriormente pela Funda\u00e7\u00e3o Cearense de Meteorologia e Recursos H\u00eddricos (Funceme), houve precipita\u00e7\u00f5es em todas as macrorregi\u00f5es.<\/p>\n","protected":false},"author":4,"featured_media":8935,"comment_status":"closed","ping_status":"open","sticky":false,"template":"","format":"standard","meta":[],"categories":[81,15],"tags":[47,228],"acf":[],"_links":{"self":[{"href":"http:\/\/www.funceme.br\/index.php?rest_route=\/wp\/v2\/posts\/8934"}],"collection":[{"href":"http:\/\/www.funceme.br\/index.php?rest_route=\/wp\/v2\/posts"}],"about":[{"href":"http:\/\/www.funceme.br\/index.php?rest_route=\/wp\/v2\/types\/post"}],"author":[{"embeddable":true,"href":"http:\/\/www.funceme.br\/index.php?rest_route=\/wp\/v2\/users\/4"}],"replies":[{"embeddable":true,"href":"http:\/\/www.funceme.br\/index.php?rest_route=%2Fwp%2Fv2%2Fcomments&post=8934"}],"version-history":[{"count":1,"href":"http:\/\/www.funceme.br\/index.php?rest_route=\/wp\/v2\/posts\/8934\/revisions"}],"predecessor-version":[{"id":8936,"href":"http:\/\/www.funceme.br\/index.php?rest_route=\/wp\/v2\/posts\/8934\/revisions\/8936"}],"wp:featuredmedia":[{"embeddable":true,"href":"http:\/\/www.funceme.br\/index.php?rest_route=\/wp\/v2\/media\/8935"}],"wp:attachment":[{"href":"http:\/\/www.funceme.br\/index.php?rest_route=%2Fwp%2Fv2%2Fmedia&parent=8934"}],"wp:term":[{"taxonomy":"category","embeddable":true,"href":"http:\/\/www.funceme.br\/index.php?rest_route=%2Fwp%2Fv2%2Fcategories&post=8934"},{"taxonomy":"post_tag","embeddable":true,"href":"http:\/\/www.funceme.br\/index.php?rest_route=%2Fwp%2Fv2%2Ftags&post=8934"}],"curies":[{"name":"wp","href":"https:\/\/api.w.org\/{rel}","templated":true}]}}