{"id":8985,"date":"2021-04-04T08:05:04","date_gmt":"2021-04-04T11:05:04","guid":{"rendered":"http:\/\/www.funceme.br\/?p=8985"},"modified":"2021-04-04T08:05:04","modified_gmt":"2021-04-04T11:05:04","slug":"funceme-realiza-posse-de-novos-servidores-nesta-segunda-feira","status":"publish","type":"post","link":"http:\/\/www.funceme.br\/?p=8985","title":{"rendered":"Funceme realiza posse de novos servidores nesta segunda-feira"},"content":{"rendered":"<div id=\"attachment_8986\" style=\"width: 730px\" class=\"wp-caption aligncenter\"><a href=\"http:\/\/www.funceme.br\/wp-content\/uploads\/2021\/04\/pexels-kindel-media-7054511.jpg\"><img aria-describedby=\"caption-attachment-8986\" decoding=\"async\" loading=\"lazy\" class=\"wp-image-8986\" src=\"http:\/\/www.funceme.br\/wp-content\/uploads\/2021\/04\/pexels-kindel-media-7054511.jpg\" alt=\"26 novos profissionais ir\u00e3o integrar o quadro da institui\u00e7\u00e3o (FOTO: Reprodu\u00e7\u00e3o)\" width=\"720\" height=\"405\" srcset=\"http:\/\/www.funceme.br\/wp-content\/uploads\/2021\/04\/pexels-kindel-media-7054511.jpg 1280w, http:\/\/www.funceme.br\/wp-content\/uploads\/2021\/04\/pexels-kindel-media-7054511-600x338.jpg 600w, http:\/\/www.funceme.br\/wp-content\/uploads\/2021\/04\/pexels-kindel-media-7054511-1200x675.jpg 1200w, http:\/\/www.funceme.br\/wp-content\/uploads\/2021\/04\/pexels-kindel-media-7054511-768x432.jpg 768w\" sizes=\"(max-width: 720px) 100vw, 720px\" \/><\/a><p id=\"caption-attachment-8986\" class=\"wp-caption-text\"><span style=\"color: #6b6b6b;\"><em>26 novos profissionais ir\u00e3o integrar o quadro da institui\u00e7\u00e3o (FOTO: Reprodu\u00e7\u00e3o)<\/em><\/span><\/p><\/div>\n<p><span style=\"font-weight: 300;\">A Funda\u00e7\u00e3o Cearense de Meteorologia e Recursos H\u00eddricos (Funceme) realiza, na manh\u00e3 desta segunda-feira (5), a posse de 26 novos servidores que ocupar\u00e3o\u00a0 o cargo de pesquisador nas \u00e1reas de Meteorologia, Monitoramento, Recursos Ambientais, Recursos H\u00eddricos e Inform\u00e1tica.<\/span><\/p>\n<p><span style=\"font-weight: 300;\">A assinatura ocorrer\u00e1 na sede da institui\u00e7\u00e3o, em p\u00e1tio aberto, com a presen\u00e7a restrita destes profissionais e dos gerentes de cada \u00e1rea respeitando as regras de distanciamento, al\u00e9m do uso obrigat\u00f3rio de m\u00e1scaras. Ap\u00f3s a cerim\u00f4nia, o grupo j\u00e1 estar\u00e1 apto a assumir suas devidas atividades.<\/span><\/p>\n<p><span style=\"font-weight: 300;\">Como parte da recep\u00e7\u00e3o dos novos servidores do \u00f3rg\u00e3o cearense, ser\u00e3o realizadas palestras virtuais\u00a0 ao longo desta semana com temas ligados ao servi\u00e7o p\u00fablico, \u00e9tica e inova\u00e7\u00e3o. Entre os e as palestrantes convidados est\u00e3o:<\/span><\/p>\n<p><span style=\"font-weight: 300;\">-Eduardo S\u00e1vio Martins, presidente da Funceme;<\/span><\/p>\n<p><span style=\"font-weight: 300;\">-S\u00f4nia Perdig\u00e3o, presidente da Associa\u00e7\u00e3o dos Servidores da Funceme;<\/span><\/p>\n<p><span style=\"font-weight: 300;\">-Francisco Teixeira, secret\u00e1rio dos Recursos H\u00eddricos;<\/span><\/p>\n<p><span style=\"font-weight: 300;\">-Nicole Albuquerque, Presidente da Comiss\u00e3o de \u00c9tica do Poder Judici\u00e1rio;<\/span><\/p>\n<p><span style=\"font-weight: 300;\">-Luis Eduardo de Menezes Lima, mentor executivo e autor do livro \u2018Desafios Gest\u00e3o e Conquistas\u2019.<\/span><\/p>\n<p><span style=\"font-weight: 300;\">A abertura do concurso deu-se em maio de 2018 e contou com 3.198 inscri\u00e7\u00f5es. O processo de sele\u00e7\u00e3o foi composto de duas fases, sendo a primeira de prova e a segunda de avalia\u00e7\u00e3o de t\u00edtulos. A convoca\u00e7\u00e3o se deu em dezembro de 2019. Havia expectativa da nomea\u00e7\u00e3o ocorrer em 2020, por\u00e9m, foi suspensa ap\u00f3s o decreto relacionado \u00e0 pandemia da Covid-19.<\/span><\/p>\n","protected":false},"excerpt":{"rendered":"<p>A Funda\u00e7\u00e3o Cearense de Meteorologia e Recursos H\u00eddricos (Funceme) realiza, na manh\u00e3 desta segunda-feira (5), a posse de 26 novos servidores que ocupar\u00e3o\u00a0 o cargo de pesquisador nas \u00e1reas de Meteorologia, Monitoramento, Recursos Ambientais, Recursos H\u00eddricos e Inform\u00e1tica.<\/p>\n","protected":false},"author":4,"featured_media":8986,"comment_status":"closed","ping_status":"open","sticky":false,"template":"","format":"standard","meta":[],"categories":[352,15],"tags":[74,453,452],"acf":[],"_links":{"self":[{"href":"http:\/\/www.funceme.br\/index.php?rest_route=\/wp\/v2\/posts\/8985"}],"collection":[{"href":"http:\/\/www.funceme.br\/index.php?rest_route=\/wp\/v2\/posts"}],"about":[{"href":"http:\/\/www.funceme.br\/index.php?rest_route=\/wp\/v2\/types\/post"}],"author":[{"embeddable":true,"href":"http:\/\/www.funceme.br\/index.php?rest_route=\/wp\/v2\/users\/4"}],"replies":[{"embeddable":true,"href":"http:\/\/www.funceme.br\/index.php?rest_route=%2Fwp%2Fv2%2Fcomments&post=8985"}],"version-history":[{"count":1,"href":"http:\/\/www.funceme.br\/index.php?rest_route=\/wp\/v2\/posts\/8985\/revisions"}],"predecessor-version":[{"id":8987,"href":"http:\/\/www.funceme.br\/index.php?rest_route=\/wp\/v2\/posts\/8985\/revisions\/8987"}],"wp:featuredmedia":[{"embeddable":true,"href":"http:\/\/www.funceme.br\/index.php?rest_route=\/wp\/v2\/media\/8986"}],"wp:attachment":[{"href":"http:\/\/www.funceme.br\/index.php?rest_route=%2Fwp%2Fv2%2Fmedia&parent=8985"}],"wp:term":[{"taxonomy":"category","embeddable":true,"href":"http:\/\/www.funceme.br\/index.php?rest_route=%2Fwp%2Fv2%2Fcategories&post=8985"},{"taxonomy":"post_tag","embeddable":true,"href":"http:\/\/www.funceme.br\/index.php?rest_route=%2Fwp%2Fv2%2Ftags&post=8985"}],"curies":[{"name":"wp","href":"https:\/\/api.w.org\/{rel}","templated":true}]}}