{"id":8993,"date":"2021-04-05T16:34:50","date_gmt":"2021-04-05T19:34:50","guid":{"rendered":"http:\/\/www.funceme.br\/?p=8993"},"modified":"2021-04-05T16:35:13","modified_gmt":"2021-04-05T19:35:13","slug":"em-meio-a-importantes-desafios-para-a-ciencia-funceme-da-posse-a-novos-servidores","status":"publish","type":"post","link":"http:\/\/www.funceme.br\/?p=8993","title":{"rendered":"Em meio a importantes desafios para a ci\u00eancia, Funceme d\u00e1 posse a novos servidores"},"content":{"rendered":"<div id=\"attachment_8994\" style=\"width: 730px\" class=\"wp-caption aligncenter\"><a href=\"http:\/\/www.funceme.br\/wp-content\/uploads\/2021\/04\/DSC00170-scaled.jpg\"><img aria-describedby=\"caption-attachment-8994\" decoding=\"async\" loading=\"lazy\" class=\"wp-image-8994\" src=\"http:\/\/www.funceme.br\/wp-content\/uploads\/2021\/04\/DSC00170-scaled.jpg\" alt=\"Profissionais j\u00e1 est\u00e3o aptos a iniciar atividades (FOTO: Felipe Lima)\" width=\"720\" height=\"405\" srcset=\"http:\/\/www.funceme.br\/wp-content\/uploads\/2021\/04\/DSC00170-scaled.jpg 2560w, http:\/\/www.funceme.br\/wp-content\/uploads\/2021\/04\/DSC00170-600x338.jpg 600w, http:\/\/www.funceme.br\/wp-content\/uploads\/2021\/04\/DSC00170-1200x675.jpg 1200w, http:\/\/www.funceme.br\/wp-content\/uploads\/2021\/04\/DSC00170-768x432.jpg 768w, http:\/\/www.funceme.br\/wp-content\/uploads\/2021\/04\/DSC00170-1536x864.jpg 1536w, http:\/\/www.funceme.br\/wp-content\/uploads\/2021\/04\/DSC00170-2048x1152.jpg 2048w\" sizes=\"(max-width: 720px) 100vw, 720px\" \/><\/a><p id=\"caption-attachment-8994\" class=\"wp-caption-text\">Profissionais j\u00e1 est\u00e3o aptos a iniciar atividades (FOTO: Felipe Lima)<\/p><\/div>\n<p><span style=\"font-weight: 300;\">A Funda\u00e7\u00e3o Cearense de Meteorologia e Recursos H\u00eddricos (Funceme) empossou, na manh\u00e3 desta segunda-feira (5), 22 novos\/as servidores\/as. O momento \u00e9 hist\u00f3rico, pois, em seus 48 anos de hist\u00f3ria, o grupo faz parte do 2\u00ba concurso realizado pela institui\u00e7\u00e3o.<\/span><\/p>\n<p><span style=\"font-weight: 300;\">A cerim\u00f4nia de posse, que ocorreu na sede da institui\u00e7\u00e3o, no bairro Aldeota, em Fortaleza, considerou todas as medidas de isolamento e ainda contou com refor\u00e7o na higiene. Na abertura, o presidente da Funceme, Eduardo S\u00e1vio Martins, falou da conquista.<\/span><\/p>\n<p><span style=\"font-weight: 300;\">\u201cAos novos servidores e servidoras, tenham a certeza que ir\u00e3o encontrar um ambiente de intensa colabora\u00e7\u00e3o institucional com atores municipais, estaduais, nacionais e internacionais, sempre com o foco no usu\u00e1rio final. A din\u00e2mica da Funceme depende de voc\u00eas tamb\u00e9m, de como voc\u00eas encaram o servi\u00e7o p\u00fablico, um ambiente que tem muito espa\u00e7o para inova\u00e7\u00e3o, com voc\u00eas podendo agir como catalisadores desta inova\u00e7\u00e3o. Neste sentido, n\u00e3o se prendam apenas ao seu passado de pesquisa e ferramental de seu dom\u00ednio, usem como algo a mais a oferecer e se abram aos novos conceitos e oportunidades que ir\u00e3o se apresentar diante de voc\u00eas. Saiam da sua zona de conforto, busquem novos desafios, ajudem-nos a preparar a nossa institui\u00e7\u00e3o para um mundo em constante mudan\u00e7a e a nos distinguir dos v\u00e1rios provedores de informa\u00e7\u00e3o\u201d.<\/span><\/p>\n<p><span style=\"font-weight: 300;\">O certame foi realizado em 2018. A abertura do concurso deu-se em maio de 2018 e contou com 3.198 inscri\u00e7\u00f5es. O processo de sele\u00e7\u00e3o foi composto de duas fases, sendo a primeira de prova e a segunda de avalia\u00e7\u00e3o de t\u00edtulos. A convoca\u00e7\u00e3o se deu em dezembro de 2019. Havia expectativa da nomea\u00e7\u00e3o ocorrer em 2020, por\u00e9m, foi suspensa ap\u00f3s o decreto relacionado \u00e0 pandemia da Covid-19.<\/span><\/p>\n<p><span style=\"font-weight: 300;\">Integrante do quadro de profissionais desde o 1\u00ba concurso, a agr\u00f4noma e presidente da Associa\u00e7\u00e3o dos Servidores da Funceme, S\u00f4nia Perdig\u00e3o, aproveitou a posse da turma para dar as boas-vindas.<\/span><\/p>\n<div id=\"attachment_8995\" style=\"width: 730px\" class=\"wp-caption aligncenter\"><a href=\"http:\/\/www.funceme.br\/wp-content\/uploads\/2021\/04\/DSC00174-2-scaled.jpg\"><img aria-describedby=\"caption-attachment-8995\" decoding=\"async\" loading=\"lazy\" class=\"wp-image-8995\" src=\"http:\/\/www.funceme.br\/wp-content\/uploads\/2021\/04\/DSC00174-2-scaled.jpg\" alt=\"Presidente da ASFUN, S\u00f4nia Perdig\u00e3o participou da luta para realiza\u00e7\u00e3o do concurso realizado em 2018 (FOTO: Felipe Lima)\" width=\"720\" height=\"405\" srcset=\"http:\/\/www.funceme.br\/wp-content\/uploads\/2021\/04\/DSC00174-2-scaled.jpg 2560w, http:\/\/www.funceme.br\/wp-content\/uploads\/2021\/04\/DSC00174-2-600x338.jpg 600w, http:\/\/www.funceme.br\/wp-content\/uploads\/2021\/04\/DSC00174-2-1200x675.jpg 1200w, http:\/\/www.funceme.br\/wp-content\/uploads\/2021\/04\/DSC00174-2-768x432.jpg 768w, http:\/\/www.funceme.br\/wp-content\/uploads\/2021\/04\/DSC00174-2-1536x864.jpg 1536w, http:\/\/www.funceme.br\/wp-content\/uploads\/2021\/04\/DSC00174-2-2048x1152.jpg 2048w\" sizes=\"(max-width: 720px) 100vw, 720px\" \/><\/a><p id=\"caption-attachment-8995\" class=\"wp-caption-text\">Presidente da ASFUN, S\u00f4nia Perdig\u00e3o participou da luta para realiza\u00e7\u00e3o do concurso realizado em 2018 (FOTO: Felipe Lima)<\/p><\/div>\n<p><span style=\"font-weight: 300;\">\u201c\u00c9 como se fosse a realiza\u00e7\u00e3o de um sonho. Isso come\u00e7ou l\u00e1 atr\u00e1s com a luta pelo Plano de Cargos e Carreiras. Foi uma luta de altos e baixos por 12 anos, mas estivemos juntos e conquistamos este Plano, que deu condi\u00e7\u00e3o de fazer este concurso. N\u00e3o desistimos e estamos aqui felizes com este momento. Voc\u00eas v\u00e3o ver que a Funceme \u00e9 uma institui\u00e7\u00e3o bem fam\u00edlia, aqui n\u00f3s nos sentimos aconchegados\u201d.<\/span><\/p>\n<p><span style=\"font-weight: 300;\">Ainda na manh\u00e3 de hoje, o ocean\u00f3grafo Di\u00f3genes Passos, que j\u00e1 atuou na Funceme com pesquisador bolsista e agora assume uma das vagas, celebrou a posse.<\/span><\/p>\n<p><span style=\"font-weight: 300;\">\u201cForam muitas noites acordadas, foram muitas sa\u00eddas que tivemos que abrir m\u00e3o e hoje parecem t\u00e3o pequenas diante da grandiosidade que \u00e9 este momento. Ontem, fiz mem\u00f3ria das vezes que pude ir ao interior e conversar com pessoas simples e mais humildes que precisam tanto da informa\u00e7\u00e3o que \u00e9 gerada aqui. Eu vejo hoje todo este momento que a gente trilhou at\u00e9 aqui diante das incertezas, mas foi um grande aprendizado, Hoje eu posso olhar para cada um de voc\u00eas e vejo como s\u00e3o fortes\u201d.<\/span><\/p>\n<p><span style=\"font-weight: 300;\">Empossados, os novos profissionais j\u00e1 est\u00e3o aptos a realizar atividades em suas respectivas \u00e1reas. A lista \u00e9 a seguinte:<\/span><\/p>\n<p><span style=\"font-weight: 300;\">-Alcione Guimar\u00e3es Freire<\/span><\/p>\n<p><span style=\"font-weight: 300;\">-\u00c1lyson Brayner Sousa Est\u00e1cio<\/span><\/p>\n<p><span style=\"font-weight: 300;\">-Anthony Carlos Silva Porf\u00edrio<\/span><\/p>\n<p><span style=\"font-weight: 300;\">-Bruno Dias Rodrigues<\/span><\/p>\n<p><span style=\"font-weight: 300;\">-Cl\u00e9cia Cristina Barbosa Guimar\u00e3es<\/span><\/p>\n<p><span style=\"font-weight: 300;\">-Daniel Ant\u00f4nio Camelo Cid<\/span><\/p>\n<p><span style=\"font-weight: 300;\">-D\u00e1rio Macedo Lima<\/span><\/p>\n<p><span style=\"font-weight: 300;\">-Di\u00f3genes Passos Fontenele<\/span><\/p>\n<p><span style=\"font-weight: 300;\">-Domingo Cassain Sales<\/span><\/p>\n<p><span style=\"font-weight: 300;\">-Evandro Moimaz Anselmo<\/span><\/p>\n<p><span style=\"font-weight: 300;\">-Francisco Augustinho de Brito Neto<\/span><\/p>\n<p><span style=\"font-weight: 300;\">-Iago Alvarenga e Silva<\/span><\/p>\n<p><span style=\"font-weight: 300;\">-Jo\u00e3o Gon\u00e7alves Filho<\/span><\/p>\n<p><span style=\"font-weight: 300;\">-Jos\u00e9 Marcelo Pereira Rodrigues<\/span><\/p>\n<p><span style=\"font-weight: 300;\">-Juliana Matos Vieira<\/span><\/p>\n<p><span style=\"font-weight: 300;\">-Rafael Cipriano da Silva<\/span><\/p>\n<p><span style=\"font-weight: 300;\">-Rafaela da Silva Alves<\/span><\/p>\n<p><span style=\"font-weight: 300;\">-Rafaela dos Santos Gomes<\/span><\/p>\n<p><span style=\"font-weight: 300;\">-Raimundo Nonato Farias Monteiro<\/span><\/p>\n<p><span style=\"font-weight: 300;\">-Renan Vieira Rocha<\/span><\/p>\n<p><span style=\"font-weight: 300;\">-Rousilene Silva Nascimento Diniz<\/span><\/p>\n<p><span style=\"font-weight: 300;\">-Vin\u00edcius Oliveira<\/span><\/p>\n<p><span style=\"font-weight: 300;\">Ao longo desta semana, como parte do processo de acolhimento, a Funceme realizar\u00e1 palestras virtuais envolvendo diversos temas. Entre convidados e convidadas est\u00e3o o secret\u00e1rio dos recursos h\u00eddricos, Francisco Teixeira; a presidente da Comiss\u00e3o Permanente de \u00c9tica e Disciplina do Poder Judici\u00e1rio, Nicole Albuquerque; Pedro Leite da Silva, professor da Universidade de S\u00e3o Paulo; Francisco de <\/span><span style=\"font-weight: 300;\">Assis Souza<\/span><span style=\"font-weight: 300;\">, professor da Universidade Federal do Cear\u00e1; entre outros.<\/span><\/p>\n","protected":false},"excerpt":{"rendered":"<p>A Funda\u00e7\u00e3o Cearense de Meteorologia e Recursos H\u00eddricos (Funceme) empossou, na manh\u00e3 desta segunda-feira (5), 22 novos\/as servidores\/as. O momento \u00e9 hist\u00f3rico, pois, em seus 48 anos de hist\u00f3ria, o grupo faz parte do 2\u00ba concurso realizado pela institui\u00e7\u00e3o. A cerim\u00f4nia de posse, que ocorreu na sede da institui\u00e7\u00e3o, no bairro Aldeota, em Fortaleza, considerou [&hellip;]<\/p>\n","protected":false},"author":4,"featured_media":8994,"comment_status":"closed","ping_status":"open","sticky":false,"template":"","format":"standard","meta":[],"categories":[352,15],"tags":[454],"acf":[],"_links":{"self":[{"href":"http:\/\/www.funceme.br\/index.php?rest_route=\/wp\/v2\/posts\/8993"}],"collection":[{"href":"http:\/\/www.funceme.br\/index.php?rest_route=\/wp\/v2\/posts"}],"about":[{"href":"http:\/\/www.funceme.br\/index.php?rest_route=\/wp\/v2\/types\/post"}],"author":[{"embeddable":true,"href":"http:\/\/www.funceme.br\/index.php?rest_route=\/wp\/v2\/users\/4"}],"replies":[{"embeddable":true,"href":"http:\/\/www.funceme.br\/index.php?rest_route=%2Fwp%2Fv2%2Fcomments&post=8993"}],"version-history":[{"count":2,"href":"http:\/\/www.funceme.br\/index.php?rest_route=\/wp\/v2\/posts\/8993\/revisions"}],"predecessor-version":[{"id":8997,"href":"http:\/\/www.funceme.br\/index.php?rest_route=\/wp\/v2\/posts\/8993\/revisions\/8997"}],"wp:featuredmedia":[{"embeddable":true,"href":"http:\/\/www.funceme.br\/index.php?rest_route=\/wp\/v2\/media\/8994"}],"wp:attachment":[{"href":"http:\/\/www.funceme.br\/index.php?rest_route=%2Fwp%2Fv2%2Fmedia&parent=8993"}],"wp:term":[{"taxonomy":"category","embeddable":true,"href":"http:\/\/www.funceme.br\/index.php?rest_route=%2Fwp%2Fv2%2Fcategories&post=8993"},{"taxonomy":"post_tag","embeddable":true,"href":"http:\/\/www.funceme.br\/index.php?rest_route=%2Fwp%2Fv2%2Ftags&post=8993"}],"curies":[{"name":"wp","href":"https:\/\/api.w.org\/{rel}","templated":true}]}}