{"id":9093,"date":"2021-04-28T17:27:55","date_gmt":"2021-04-28T20:27:55","guid":{"rendered":"http:\/\/www.funceme.br\/?p=9093"},"modified":"2021-04-28T20:46:34","modified_gmt":"2021-04-28T23:46:34","slug":"centro-sul-deve-concentrar-principais-chuvas-do-ceara-entre-a-noite-de-quarta-e-o-inicio-de-quinta-feira-29","status":"publish","type":"post","link":"http:\/\/www.funceme.br\/?p=9093","title":{"rendered":"Centro-sul deve concentrar principais chuvas do Cear\u00e1 entre a noite de quarta e o in\u00edcio de quinta-feira (29)"},"content":{"rendered":"<div id=\"attachment_9094\" style=\"width: 526px\" class=\"wp-caption aligncenter\"><a href=\"http:\/\/www.funceme.br\/wp-content\/uploads\/2021\/04\/178427577_379569633227938_7162285826842257330_n.jpg\"><img aria-describedby=\"caption-attachment-9094\" decoding=\"async\" loading=\"lazy\" class=\"size-full wp-image-9094\" src=\"http:\/\/www.funceme.br\/wp-content\/uploads\/2021\/04\/178427577_379569633227938_7162285826842257330_n.jpg\" alt=\"Precipita\u00e7\u00f5es poder\u00e3o ser abrangentes na regi\u00e3o do Cariri (FOTO: Renan Duarte)\" width=\"516\" height=\"290\" \/><\/a><p id=\"caption-attachment-9094\" class=\"wp-caption-text\"><em><span style=\"color: #6b6b6b;\">Precipita\u00e7\u00f5es poder\u00e3o ser abrangentes na regi\u00e3o do Cariri (FOTO: Renan Duarte)<\/span><\/em><\/p><\/div>\n<p>A forma\u00e7\u00e3o de \u00e1reas de instabilidade no leste da regi\u00e3o Nordeste e sua poss\u00edvel aproxima\u00e7\u00e3o do Cear\u00e1 deve colaborar para chuvas mais abrangentes no centro-sul do Estado entre a noite desta quarta (28) e a madrugada desta quinta-feira (29).<br \/>\n\u2800<br \/>\nAinda no in\u00edcio de amanh\u00e3, a Funda\u00e7\u00e3o Cearense de Meteorologia e Recursos H\u00eddricos (Funceme) indica que o Cear\u00e1 dever\u00e1 apresentar instabilidade, proporcionando expectativa de chuva em todas as macrorregi\u00f5es.<br \/>\n\u2800<br \/>\nAl\u00e9m do centro-sul, a por\u00e7\u00e3o noroeste (entre o Litoral Norte e a Ibiapaba), poder\u00e1 apresentar acumulados variando entre moderados e mais forte ao longo do dia.<br \/>\n\u2800<br \/>\nConforme a Funceme, somente as \u00e1reas que envolvem o Maci\u00e7o e os litorais Fortaleza e Pec\u00e9m dever\u00e3o seguir com condi\u00e7\u00f5es mais est\u00e1veis, ou seja, menos favor\u00e1veis \u00e0 chuva.<\/p>\n","protected":false},"excerpt":{"rendered":"<p>A forma\u00e7\u00e3o de \u00e1reas de instabilidade no leste da regi\u00e3o Nordeste e sua poss\u00edvel aproxima\u00e7\u00e3o do Cear\u00e1 deve colaborar para chuvas mais abrangentes no centro-sul do Estado entre a noite desta quarta (28) e a madrugada desta quinta-feira (29)<\/p>\n","protected":false},"author":4,"featured_media":9094,"comment_status":"closed","ping_status":"open","sticky":false,"template":"","format":"standard","meta":[],"categories":[81,15],"tags":[57,358,167],"acf":[],"_links":{"self":[{"href":"http:\/\/www.funceme.br\/index.php?rest_route=\/wp\/v2\/posts\/9093"}],"collection":[{"href":"http:\/\/www.funceme.br\/index.php?rest_route=\/wp\/v2\/posts"}],"about":[{"href":"http:\/\/www.funceme.br\/index.php?rest_route=\/wp\/v2\/types\/post"}],"author":[{"embeddable":true,"href":"http:\/\/www.funceme.br\/index.php?rest_route=\/wp\/v2\/users\/4"}],"replies":[{"embeddable":true,"href":"http:\/\/www.funceme.br\/index.php?rest_route=%2Fwp%2Fv2%2Fcomments&post=9093"}],"version-history":[{"count":1,"href":"http:\/\/www.funceme.br\/index.php?rest_route=\/wp\/v2\/posts\/9093\/revisions"}],"predecessor-version":[{"id":9095,"href":"http:\/\/www.funceme.br\/index.php?rest_route=\/wp\/v2\/posts\/9093\/revisions\/9095"}],"wp:featuredmedia":[{"embeddable":true,"href":"http:\/\/www.funceme.br\/index.php?rest_route=\/wp\/v2\/media\/9094"}],"wp:attachment":[{"href":"http:\/\/www.funceme.br\/index.php?rest_route=%2Fwp%2Fv2%2Fmedia&parent=9093"}],"wp:term":[{"taxonomy":"category","embeddable":true,"href":"http:\/\/www.funceme.br\/index.php?rest_route=%2Fwp%2Fv2%2Fcategories&post=9093"},{"taxonomy":"post_tag","embeddable":true,"href":"http:\/\/www.funceme.br\/index.php?rest_route=%2Fwp%2Fv2%2Ftags&post=9093"}],"curies":[{"name":"wp","href":"https:\/\/api.w.org\/{rel}","templated":true}]}}