{"id":9290,"date":"2021-06-14T10:31:00","date_gmt":"2021-06-14T13:31:00","guid":{"rendered":"http:\/\/www.funceme.br\/?p=9290"},"modified":"2021-06-14T10:40:32","modified_gmt":"2021-06-14T13:40:32","slug":"dia-mundial-de-combate-a-desertificacao-e-celebrado-em-live-com-pesquisadores-do-brasil-e-exterior","status":"publish","type":"post","link":"http:\/\/www.funceme.br\/?p=9290","title":{"rendered":"Dia Mundial de Combate \u00e0 Desertifica\u00e7\u00e3o \u00e9 celebrado em live com pesquisadores do Brasil e exterior"},"content":{"rendered":"<div id=\"attachment_9292\" style=\"width: 730px\" class=\"wp-caption aligncenter\"><img aria-describedby=\"caption-attachment-9292\" decoding=\"async\" loading=\"lazy\" class=\"wp-image-9292\" src=\"http:\/\/www.funceme.br\/wp-content\/uploads\/2021\/06\/desertificacao-1-600x369.jpg\" alt=\"No Brasil, a ocorr\u00eancia de secas severas e recorrentes, bem como o processo de desertifica\u00e7\u00e3o, \u00e9 mais evidente na regi\u00e3o semi\u00e1rida, que atualmente engloba 1.262 munic\u00edpios\" width=\"720\" height=\"443\" srcset=\"http:\/\/www.funceme.br\/wp-content\/uploads\/2021\/06\/desertificacao-1-600x369.jpg 600w, http:\/\/www.funceme.br\/wp-content\/uploads\/2021\/06\/desertificacao-1-768x473.jpg 768w, http:\/\/www.funceme.br\/wp-content\/uploads\/2021\/06\/desertificacao-1.jpg 775w\" sizes=\"(max-width: 720px) 100vw, 720px\" \/><p id=\"caption-attachment-9292\" class=\"wp-caption-text\"><span style=\"color: #6b6b6b;\"><em>No Brasil, a ocorr\u00eancia de secas severas e recorrentes, bem como o processo de desertifica\u00e7\u00e3o, \u00e9 mais evidente na regi\u00e3o semi\u00e1rida, que atualmente engloba 1.262 munic\u00edpios<\/em><\/span><\/p><\/div>\n<p><span style=\"font-weight: 400;\">A Embrapa Semi\u00e1rido, em parceria com o Grupo Funda\u00e7\u00e3o Esquel Brasil e a Funda\u00e7\u00e3o Cearense de Meteorologia e Recursos H\u00eddricos (Funceme), realiza nesta quinta-feira (17) uma Live Comemorativa ao <\/span><b>Dia Mundial de Combate \u00e0 Desertifica\u00e7\u00e3o<\/b><span style=\"font-weight: 400;\">.<\/span><\/p>\n<p><span style=\"font-weight: 400;\">A transmiss\u00e3o abordar\u00e1 as dificuldades, avan\u00e7os e desafios do combate \u00e0 desertifica\u00e7\u00e3o no Brasil e ser\u00e1 realizada a partir das 9h, no canal do youtube da Embrapa <\/span><a href=\"http:\/\/www.youtube.com\/embrapa\"><span style=\"font-weight: 400;\">(www.youtube.com\/embrapa<\/span><\/a><span style=\"font-weight: 400;\">).<\/span><\/p>\n<p><span style=\"font-weight: 400;\">O evento online ter\u00e1 um formato de mesa-redonda, e contar\u00e1 com a participa\u00e7\u00e3o de diversos pesquisadores e estudiosos do tema no Brasil e no exterior. A Funceme ser\u00e1 representada pela agr\u00f4noma S\u00f4nia Perdig\u00e3o, que palestrar\u00e1 \u00e0s 11h.<\/span><\/p>\n<p><b>Programa\u00e7\u00e3o<\/b><\/p>\n<p><img decoding=\"async\" loading=\"lazy\" class=\"aligncenter wp-image-9291\" src=\"http:\/\/www.funceme.br\/wp-content\/uploads\/2021\/06\/WhatsApp-Image-2021-06-14-at-10.07.02-600x600.jpeg\" alt=\"\" width=\"720\" height=\"720\" srcset=\"http:\/\/www.funceme.br\/wp-content\/uploads\/2021\/06\/WhatsApp-Image-2021-06-14-at-10.07.02-600x600.jpeg 600w, http:\/\/www.funceme.br\/wp-content\/uploads\/2021\/06\/WhatsApp-Image-2021-06-14-at-10.07.02-768x768.jpeg 768w, http:\/\/www.funceme.br\/wp-content\/uploads\/2021\/06\/WhatsApp-Image-2021-06-14-at-10.07.02.jpeg 1080w\" sizes=\"(max-width: 720px) 100vw, 720px\" \/><\/p>\n<p><span style=\"font-weight: 400;\">Entre os assuntos que ser\u00e3o tratados est\u00e3o os aspectos hist\u00f3ricos da cria\u00e7\u00e3o da Conven\u00e7\u00e3o das Na\u00e7\u00f5es Unidas de Combate \u00e0 Desertifica\u00e7\u00e3o em Pa\u00edses Afetados por Seca Grave e\/ou Desertifica\u00e7\u00e3o (UNCCD).<\/span><\/p>\n<p><span style=\"font-weight: 400;\">Tamb\u00e9m ser\u00e1 discutida a atua\u00e7\u00e3o das esferas pol\u00edticas federais e estaduais sobre o tema, bem como as dificuldades para se estabelecer uma organiza\u00e7\u00e3o nacional de combate \u00e0 desertifica\u00e7\u00e3o no Semi\u00e1rido nordestino.<\/span><\/p>\n<p><span style=\"font-weight: 400;\">Outro ponto que ser\u00e1 tratado envolve os avan\u00e7os t\u00e9cnicos-cient\u00edficos para o enfrentamento dos processos de desertifica\u00e7\u00e3o, com apresenta\u00e7\u00e3o de experi\u00eancias de sucesso no combate ao problema no Brasil.<\/span><\/p>\n<p><b>Sobre a data<\/b><\/p>\n<p><span style=\"font-weight: 400;\">A data foi estabelecida pela Assembleia Geral da ONU, em 1994, como uma forma de conscientiza\u00e7\u00e3o sobre os impactos do processo de desertifica\u00e7\u00e3o no mundo. De acordo com a UNCCD, desertifica\u00e7\u00e3o \u00e9 um processo de degrada\u00e7\u00e3o da terra nas regi\u00f5es \u00e1ridas, semi\u00e1ridas e sub\u00famidas secas, resultante de v\u00e1rios fatores, entre eles as varia\u00e7\u00f5es clim\u00e1ticas e a atividade humana.<\/span><\/p>\n<p><span style=\"font-weight: 400;\">No Brasil, a ocorr\u00eancia de secas severas e recorrentes, bem como o processo de desertifica\u00e7\u00e3o, \u00e9 mais evidente na regi\u00e3o semi\u00e1rida, que atualmente engloba 1.262 munic\u00edpios, ocupa 12% do territ\u00f3rio nacional e possui precipita\u00e7\u00e3o pluviom\u00e9trica anual inferior a 800 mm. O bioma principal dessa regi\u00e3o \u00e9 a Caatinga, que passa pelos estados de Alagoas, Bahia, Cear\u00e1, Maranh\u00e3o, Minas Gerais, Para\u00edba, Pernambuco, Piau\u00ed, Rio Grande do Norte e Sergipe, com mais de 27 milh\u00f5es de habitantes.\u00a0<\/span><\/p>\n<p><span style=\"font-weight: 400;\">Nos \u00faltimos anos, o desmatamento da Caatinga atingiu uma \u00e1rea equivalente ao tamanho de Portugal, a ponto de, hoje, estar com quase 50% do seu territ\u00f3rio afetado por processos acentuados e severos de desertifica\u00e7\u00e3o.<\/span><\/p>\n","protected":false},"excerpt":{"rendered":"<p>Entre os assuntos que ser\u00e3o tratados est\u00e3o os aspectos hist\u00f3ricos da cria\u00e7\u00e3o da Conven\u00e7\u00e3o das Na\u00e7\u00f5es Unidas de Combate \u00e0 Desertifica\u00e7\u00e3o em Pa\u00edses Afetados por Seca Grave e\/ou Desertifica\u00e7\u00e3o (UNCCD).<\/p>\n","protected":false},"author":4,"featured_media":9292,"comment_status":"closed","ping_status":"open","sticky":false,"template":"","format":"standard","meta":[],"categories":[289,15],"tags":[98],"acf":[],"_links":{"self":[{"href":"http:\/\/www.funceme.br\/index.php?rest_route=\/wp\/v2\/posts\/9290"}],"collection":[{"href":"http:\/\/www.funceme.br\/index.php?rest_route=\/wp\/v2\/posts"}],"about":[{"href":"http:\/\/www.funceme.br\/index.php?rest_route=\/wp\/v2\/types\/post"}],"author":[{"embeddable":true,"href":"http:\/\/www.funceme.br\/index.php?rest_route=\/wp\/v2\/users\/4"}],"replies":[{"embeddable":true,"href":"http:\/\/www.funceme.br\/index.php?rest_route=%2Fwp%2Fv2%2Fcomments&post=9290"}],"version-history":[{"count":1,"href":"http:\/\/www.funceme.br\/index.php?rest_route=\/wp\/v2\/posts\/9290\/revisions"}],"predecessor-version":[{"id":9293,"href":"http:\/\/www.funceme.br\/index.php?rest_route=\/wp\/v2\/posts\/9290\/revisions\/9293"}],"wp:featuredmedia":[{"embeddable":true,"href":"http:\/\/www.funceme.br\/index.php?rest_route=\/wp\/v2\/media\/9292"}],"wp:attachment":[{"href":"http:\/\/www.funceme.br\/index.php?rest_route=%2Fwp%2Fv2%2Fmedia&parent=9290"}],"wp:term":[{"taxonomy":"category","embeddable":true,"href":"http:\/\/www.funceme.br\/index.php?rest_route=%2Fwp%2Fv2%2Fcategories&post=9290"},{"taxonomy":"post_tag","embeddable":true,"href":"http:\/\/www.funceme.br\/index.php?rest_route=%2Fwp%2Fv2%2Ftags&post=9290"}],"curies":[{"name":"wp","href":"https:\/\/api.w.org\/{rel}","templated":true}]}}