{"id":9327,"date":"2021-06-23T20:18:37","date_gmt":"2021-06-23T23:18:37","guid":{"rendered":"http:\/\/www.funceme.br\/?p=9327"},"modified":"2021-12-22T16:16:35","modified_gmt":"2021-12-22T19:16:35","slug":"imagens-de-satelite-mostram-fontes-luminosas-artificiais-do-ceara-a-partir-do-espaco","status":"publish","type":"post","link":"http:\/\/www.funceme.br\/?p=9327","title":{"rendered":"Imagens de sat\u00e9lite mostram fontes luminosas artificiais do Cear\u00e1 a partir do espa\u00e7o"},"content":{"rendered":"<div id=\"attachment_9329\" style=\"width: 730px\" class=\"wp-caption aligncenter\"><img aria-describedby=\"caption-attachment-9329\" decoding=\"async\" loading=\"lazy\" class=\"wp-image-9329 size-full\" src=\"http:\/\/www.funceme.br\/wp-content\/uploads\/2021\/06\/SATELITE-LUZES-01.png\" alt=\"Ilumina\u00e7\u00e3o noturta do Cear\u00e1 (FOTO: Funceme\/Nasa)\" width=\"720\" height=\"636\" srcset=\"http:\/\/www.funceme.br\/wp-content\/uploads\/2021\/06\/SATELITE-LUZES-01.png 720w, http:\/\/www.funceme.br\/wp-content\/uploads\/2021\/06\/SATELITE-LUZES-01-600x530.png 600w\" sizes=\"(max-width: 720px) 100vw, 720px\" \/><p id=\"caption-attachment-9329\" class=\"wp-caption-text\">Ilumina\u00e7\u00e3o noturta do Cear\u00e1 (FOTO: Funceme\/Nasa)<\/p><\/div>\n<p><span style=\"font-weight: 400;\">Como seria a observa\u00e7\u00e3o noturna do Cear\u00e1 a partir do espa\u00e7o sob uma condi\u00e7\u00e3o de c\u00e9u claro? A partir de mapas da composi\u00e7\u00e3o global das fontes luminosas artificiais em alta resolu\u00e7\u00e3o elaborados pela National Aeronautics and Space Administration (Nasa), a Funda\u00e7\u00e3o Cearense de Meteorologia e Recursos H\u00eddricos (Funceme) divulgou, nesta semana, uma representa\u00e7\u00e3o com detalhamento local deste estudo norte-americano.<\/span><\/p>\n<p><span style=\"font-weight: 400;\">O compilado de imagens representado em um \u00fanico arquivo traz uma representa\u00e7\u00e3o do cen\u00e1rio noturno durante os anos de 2012 e 2016 utilizando imagens do sensor VIIRS a bordo do sat\u00e9lite de \u00f3rbita polar Suomi NPP.<\/span><\/p>\n<p><span style=\"font-weight: 400;\">De acordo com pesquisador da Ger\u00eancia de Meteorologia da Funceme, Antony Porf\u00edrio, para obter imagens t\u00e3o n\u00edtidas da luminosidade noturna s\u00e3o empregadas t\u00e9cnicas de sensoriamento remoto no intuito de filtrar outras fontes de luzes dispersas.<\/span><\/p>\n<p><span style=\"font-weight: 400;\">No estudo, a NASA disponibiliza\u00a0 um arquivo georreferenciado no formato Geotiff (que \u00e9 a base do mapa), mas \u00e9 necess\u00e1rio, usando algum software de Sistema de Informa\u00e7\u00e3o Geogr\u00e1fica, por exemplo, inserir os limites geopol\u00edticos e outras informa\u00e7\u00f5es locais.<\/span><\/p>\n<p><span style=\"font-weight: 400;\">&#8220;N\u00f3s fizemos a leitura da imagem do mosaico global e fizemos edi\u00e7\u00f5es com softwares adequados. Incluindo geopol\u00edtica e posi\u00e7\u00e3o de alguns pontos de apoio e refer\u00eancia. A imagem original n\u00e3o vem com a geopol\u00edtica. Voc\u00ea vai incluindo camadas conforme voc\u00ea deseja&#8221;, explica.<\/span><\/p>\n<p><span style=\"font-weight: 400;\">A imagem acima mostra as luzes noturnas do Cear\u00e1 observadas em 2016 e revela aspectos relacionados \u00e0 densidade populacional e atividades econ\u00f4micas, entre outros. Destacam-se na imagem como grandes fontes luminosas as regi\u00f5es metropolitanas urbanas de Fortaleza e do Cariri, por exemplo.<\/span><\/p>\n<p><span style=\"font-weight: 400;\">Para mais detalhes, basta acessar https:\/\/earthobservatory.nasa.gov\/features\/NightLights.<\/span><\/p>\n","protected":false},"excerpt":{"rendered":"<p>Como seria a observa\u00e7\u00e3o noturna do Cear\u00e1 a partir do espa\u00e7o sob uma condi\u00e7\u00e3o de c\u00e9u claro? A partir de mapas da composi\u00e7\u00e3o global das fontes luminosas artificiais em alta resolu\u00e7\u00e3o elaborados pela National Aeronautics and Space Administration (Nasa), a Funda\u00e7\u00e3o Cearense de Meteorologia e Recursos H\u00eddricos (Funceme) divulgou, nesta semana, uma representa\u00e7\u00e3o com detalhamento local deste estudo norte-americano.<\/p>\n","protected":false},"author":4,"featured_media":9329,"comment_status":"closed","ping_status":"open","sticky":false,"template":"","format":"standard","meta":[],"categories":[15,456],"tags":[458,457],"acf":[],"_links":{"self":[{"href":"http:\/\/www.funceme.br\/index.php?rest_route=\/wp\/v2\/posts\/9327"}],"collection":[{"href":"http:\/\/www.funceme.br\/index.php?rest_route=\/wp\/v2\/posts"}],"about":[{"href":"http:\/\/www.funceme.br\/index.php?rest_route=\/wp\/v2\/types\/post"}],"author":[{"embeddable":true,"href":"http:\/\/www.funceme.br\/index.php?rest_route=\/wp\/v2\/users\/4"}],"replies":[{"embeddable":true,"href":"http:\/\/www.funceme.br\/index.php?rest_route=%2Fwp%2Fv2%2Fcomments&post=9327"}],"version-history":[{"count":1,"href":"http:\/\/www.funceme.br\/index.php?rest_route=\/wp\/v2\/posts\/9327\/revisions"}],"predecessor-version":[{"id":9330,"href":"http:\/\/www.funceme.br\/index.php?rest_route=\/wp\/v2\/posts\/9327\/revisions\/9330"}],"wp:featuredmedia":[{"embeddable":true,"href":"http:\/\/www.funceme.br\/index.php?rest_route=\/wp\/v2\/media\/9329"}],"wp:attachment":[{"href":"http:\/\/www.funceme.br\/index.php?rest_route=%2Fwp%2Fv2%2Fmedia&parent=9327"}],"wp:term":[{"taxonomy":"category","embeddable":true,"href":"http:\/\/www.funceme.br\/index.php?rest_route=%2Fwp%2Fv2%2Fcategories&post=9327"},{"taxonomy":"post_tag","embeddable":true,"href":"http:\/\/www.funceme.br\/index.php?rest_route=%2Fwp%2Fv2%2Ftags&post=9327"}],"curies":[{"name":"wp","href":"https:\/\/api.w.org\/{rel}","templated":true}]}}