{"id":9814,"date":"2021-11-08T15:44:57","date_gmt":"2021-11-08T18:44:57","guid":{"rendered":"http:\/\/www.funceme.br\/?p=9814"},"modified":"2021-11-08T15:44:57","modified_gmt":"2021-11-08T18:44:57","slug":"chove-em-cerca-de-40-municipios-entre-domingo-7-e-segunda-feira-8","status":"publish","type":"post","link":"http:\/\/www.funceme.br\/?p=9814","title":{"rendered":"Chove em cerca de 40 munic\u00edpios entre domingo (7) e segunda-feira (8)"},"content":{"rendered":"<div id=\"attachment_9815\" style=\"width: 780px\" class=\"wp-caption alignnone\"><img aria-describedby=\"caption-attachment-9815\" decoding=\"async\" loading=\"lazy\" class=\"wp-image-9815\" src=\"http:\/\/www.funceme.br\/wp-content\/uploads\/2021\/11\/WhatsApp-Image-2021-11-08-at-07.41.17-1.jpeg\" alt=\"Cedro, no Cariri, foi um dos munic\u00edpios com chuva (Marciel Bezerra)\" width=\"770\" height=\"578\" srcset=\"http:\/\/www.funceme.br\/wp-content\/uploads\/2021\/11\/WhatsApp-Image-2021-11-08-at-07.41.17-1.jpeg 1600w, http:\/\/www.funceme.br\/wp-content\/uploads\/2021\/11\/WhatsApp-Image-2021-11-08-at-07.41.17-1-600x450.jpeg 600w, http:\/\/www.funceme.br\/wp-content\/uploads\/2021\/11\/WhatsApp-Image-2021-11-08-at-07.41.17-1-1200x900.jpeg 1200w, http:\/\/www.funceme.br\/wp-content\/uploads\/2021\/11\/WhatsApp-Image-2021-11-08-at-07.41.17-1-768x576.jpeg 768w, http:\/\/www.funceme.br\/wp-content\/uploads\/2021\/11\/WhatsApp-Image-2021-11-08-at-07.41.17-1-1536x1152.jpeg 1536w\" sizes=\"(max-width: 770px) 100vw, 770px\" \/><p id=\"caption-attachment-9815\" class=\"wp-caption-text\"><em>Cedro, no Cariri, foi um dos munic\u00edpios com chuva (Marciel Bezerra)<\/em><\/p><\/div>\n<p><span style=\"font-weight: 300;\">Choveu em cerca de 40 munic\u00edpios do Cear\u00e1 no intervalo entre as 7h deste domingo (7) <\/span><span style=\"font-weight: 300;\">e as 7h desta segunda-feira (8), conforme dados parciais da Funda\u00e7\u00e3o Cearense de Meteorologia e Recursos H\u00eddricos (Funceme).<\/span><\/p>\n<p><span style=\"font-weight: 300;\">Neste intervalo de 24 horas, os maiores acumulados informados at\u00e9 este momento foram os seguintes:<\/span><\/p>\n<p><span style=\"font-weight: 300;\">&#8211; Cedro: 40 mm<\/span><\/p>\n<p><span style=\"font-weight: 300;\">&#8211; Granja: 37 mm<\/span><\/p>\n<p><span style=\"font-weight: 300;\">&#8211; Crate\u00fas: 31 mm<\/span><\/p>\n<p><span style=\"font-weight: 300;\">&#8211; Crato: 28 mm<\/span><\/p>\n<p><span style=\"font-weight: 300;\">&#8211; S\u00e3o Benedito: 27 mm<\/span><\/p>\n<p><span style=\"font-weight: 300;\">As precipita\u00e7\u00f5es foram associadas \u00e0 atua\u00e7\u00e3o de \u00e1reas de instabilidade oriundas do oceano Atl\u00e2ntico, assim como a presen\u00e7a de uma Zona de Converg\u00eancia do Atl\u00e2ntico Sul (ZCAS) ao sul do Nordeste.<\/span><\/p>\n","protected":false},"excerpt":{"rendered":"<p>Choveu em cerca de 40 munic\u00edpios do Cear\u00e1 no intervalo entre as 7h deste domingo (7) e as 7h desta segunda-feira (8), conforme dados parciais da Funda\u00e7\u00e3o Cearense de Meteorologia e Recursos H\u00eddricos (Funceme).<\/p>\n","protected":false},"author":4,"featured_media":9815,"comment_status":"closed","ping_status":"open","sticky":false,"template":"","format":"standard","meta":[],"categories":[81,15],"tags":[50,210,47],"acf":[],"_links":{"self":[{"href":"http:\/\/www.funceme.br\/index.php?rest_route=\/wp\/v2\/posts\/9814"}],"collection":[{"href":"http:\/\/www.funceme.br\/index.php?rest_route=\/wp\/v2\/posts"}],"about":[{"href":"http:\/\/www.funceme.br\/index.php?rest_route=\/wp\/v2\/types\/post"}],"author":[{"embeddable":true,"href":"http:\/\/www.funceme.br\/index.php?rest_route=\/wp\/v2\/users\/4"}],"replies":[{"embeddable":true,"href":"http:\/\/www.funceme.br\/index.php?rest_route=%2Fwp%2Fv2%2Fcomments&post=9814"}],"version-history":[{"count":1,"href":"http:\/\/www.funceme.br\/index.php?rest_route=\/wp\/v2\/posts\/9814\/revisions"}],"predecessor-version":[{"id":9816,"href":"http:\/\/www.funceme.br\/index.php?rest_route=\/wp\/v2\/posts\/9814\/revisions\/9816"}],"wp:featuredmedia":[{"embeddable":true,"href":"http:\/\/www.funceme.br\/index.php?rest_route=\/wp\/v2\/media\/9815"}],"wp:attachment":[{"href":"http:\/\/www.funceme.br\/index.php?rest_route=%2Fwp%2Fv2%2Fmedia&parent=9814"}],"wp:term":[{"taxonomy":"category","embeddable":true,"href":"http:\/\/www.funceme.br\/index.php?rest_route=%2Fwp%2Fv2%2Fcategories&post=9814"},{"taxonomy":"post_tag","embeddable":true,"href":"http:\/\/www.funceme.br\/index.php?rest_route=%2Fwp%2Fv2%2Ftags&post=9814"}],"curies":[{"name":"wp","href":"https:\/\/api.w.org\/{rel}","templated":true}]}}