{"id":9843,"date":"2021-11-14T20:18:44","date_gmt":"2021-11-14T23:18:44","guid":{"rendered":"http:\/\/www.funceme.br\/?p=9843"},"modified":"2021-11-14T20:18:44","modified_gmt":"2021-11-14T23:18:44","slug":"feriado-tem-condicoes-para-chuvas-isoladas-em-todas-regioes-principalmente-no-cariri-sertao-central-e-inhamuns","status":"publish","type":"post","link":"http:\/\/www.funceme.br\/?p=9843","title":{"rendered":"Feriado tem condi\u00e7\u00f5es para chuvas isoladas em todas regi\u00f5es, principalmente no Cariri, Sert\u00e3o Central e Inhamuns"},"content":{"rendered":"<div id=\"attachment_9844\" style=\"width: 780px\" class=\"wp-caption alignnone\"><img aria-describedby=\"caption-attachment-9844\" decoding=\"async\" loading=\"lazy\" class=\"wp-image-9844\" src=\"http:\/\/www.funceme.br\/wp-content\/uploads\/2021\/11\/WhatsApp-Image-2021-11-14-at-08.59.32.jpeg\" alt=\"\u00c1reas de instabilidade t\u00eam colaborada para chuvas no Cear\u00e1 (FOTO: Marciel Bezerra)\" width=\"770\" height=\"433\" srcset=\"http:\/\/www.funceme.br\/wp-content\/uploads\/2021\/11\/WhatsApp-Image-2021-11-14-at-08.59.32.jpeg 1600w, http:\/\/www.funceme.br\/wp-content\/uploads\/2021\/11\/WhatsApp-Image-2021-11-14-at-08.59.32-600x338.jpeg 600w, http:\/\/www.funceme.br\/wp-content\/uploads\/2021\/11\/WhatsApp-Image-2021-11-14-at-08.59.32-1200x675.jpeg 1200w, http:\/\/www.funceme.br\/wp-content\/uploads\/2021\/11\/WhatsApp-Image-2021-11-14-at-08.59.32-768x432.jpeg 768w, http:\/\/www.funceme.br\/wp-content\/uploads\/2021\/11\/WhatsApp-Image-2021-11-14-at-08.59.32-1536x864.jpeg 1536w\" sizes=\"(max-width: 770px) 100vw, 770px\" \/><p id=\"caption-attachment-9844\" class=\"wp-caption-text\"><em>\u00c1reas de instabilidade t\u00eam colaborado para chuvas no Cear\u00e1 (FOTO: Marciel Bezerra)<\/em><\/p><\/div>\n<p style=\"text-align: justify;\"><span style=\"font-weight: 300;\">O feriado de Proclama\u00e7\u00e3o da Rep\u00fablica, celebrado nesta segunda-feira (15), dever\u00e1 apresentar condi\u00e7\u00f5es de chuva em todas as macrorregi\u00f5es, por\u00e9m, Cariri, Sert\u00e3o Central e Inhamuns\u00a0 s\u00e3o as macrorregi\u00f5es mais favor\u00e1veis, conforme previs\u00e3o da Funda\u00e7\u00e3o Cearense de Meteorologia e Recursos H\u00eddricos (Funceme).<\/span><\/p>\n<p style=\"text-align: justify;\"><span style=\"font-weight: 300;\">O cen\u00e1rio esperado se d\u00e1, em virtude da poss\u00edvel forma\u00e7\u00e3o de \u00e1reas de instabilidades sobre o oceano Atl\u00e2ntico e no leste do Nordeste, a brisa terrestre e efeitos locais, como temperatura, umidade e presen\u00e7a de calor.<\/span><\/p>\n<p style=\"text-align: justify;\"><span style=\"font-weight: 300;\">No in\u00edcio do dia, as regi\u00f5es que dever\u00e3o apresentar condi\u00e7\u00f5es de tempo para precipita\u00e7\u00f5es s\u00e3o os litorais de Fortaleza e Pec\u00e9m, al\u00e9m do Maci\u00e7o de Baturit\u00e9. J\u00e1 para as demais regi\u00f5es, nos per\u00edodos da madrugada, tarde e noite.<\/span><\/p>\n<p style=\"text-align: justify;\"><span style=\"font-weight: 300;\">J\u00e1 para a pr\u00f3xima ter\u00e7a (16), a expectativa da Funceme, neste momento, \u00e9 de c\u00e9u variando de parcialmente nublado a sem nuvens em todas as macrorregi\u00f5es com baixa possibilidade de chuva na faixa litor\u00e2nea e no Maci\u00e7o de Baturit\u00e9.<\/span><\/p>\n","protected":false},"excerpt":{"rendered":"<p>O feriado de Proclama\u00e7\u00e3o da Rep\u00fablica, celebrado nesta segunda-feira (15), dever\u00e1 apresentar condi\u00e7\u00f5es de chuva em todas as macrorregi\u00f5es, por\u00e9m, Cariri, Sert\u00e3o Central e Inhamuns\u00a0 s\u00e3o as macrorregi\u00f5es mais favor\u00e1veis, conforme previs\u00e3o da Funda\u00e7\u00e3o Cearense de Meteorologia e Recursos H\u00eddricos (Funceme).<\/p>\n","protected":false},"author":4,"featured_media":9844,"comment_status":"closed","ping_status":"open","sticky":false,"template":"","format":"standard","meta":[],"categories":[81,15],"tags":[50,47,303],"acf":[],"_links":{"self":[{"href":"http:\/\/www.funceme.br\/index.php?rest_route=\/wp\/v2\/posts\/9843"}],"collection":[{"href":"http:\/\/www.funceme.br\/index.php?rest_route=\/wp\/v2\/posts"}],"about":[{"href":"http:\/\/www.funceme.br\/index.php?rest_route=\/wp\/v2\/types\/post"}],"author":[{"embeddable":true,"href":"http:\/\/www.funceme.br\/index.php?rest_route=\/wp\/v2\/users\/4"}],"replies":[{"embeddable":true,"href":"http:\/\/www.funceme.br\/index.php?rest_route=%2Fwp%2Fv2%2Fcomments&post=9843"}],"version-history":[{"count":1,"href":"http:\/\/www.funceme.br\/index.php?rest_route=\/wp\/v2\/posts\/9843\/revisions"}],"predecessor-version":[{"id":9845,"href":"http:\/\/www.funceme.br\/index.php?rest_route=\/wp\/v2\/posts\/9843\/revisions\/9845"}],"wp:featuredmedia":[{"embeddable":true,"href":"http:\/\/www.funceme.br\/index.php?rest_route=\/wp\/v2\/media\/9844"}],"wp:attachment":[{"href":"http:\/\/www.funceme.br\/index.php?rest_route=%2Fwp%2Fv2%2Fmedia&parent=9843"}],"wp:term":[{"taxonomy":"category","embeddable":true,"href":"http:\/\/www.funceme.br\/index.php?rest_route=%2Fwp%2Fv2%2Fcategories&post=9843"},{"taxonomy":"post_tag","embeddable":true,"href":"http:\/\/www.funceme.br\/index.php?rest_route=%2Fwp%2Fv2%2Ftags&post=9843"}],"curies":[{"name":"wp","href":"https:\/\/api.w.org\/{rel}","templated":true}]}}