{"id":9923,"date":"2021-11-26T13:43:57","date_gmt":"2021-11-26T16:43:57","guid":{"rendered":"http:\/\/www.funceme.br\/?p=9923"},"modified":"2021-11-26T13:43:57","modified_gmt":"2021-11-26T16:43:57","slug":"cariri-concentra-principais-chuvas-do-ceara-entre-quinta-25-e-sexta-feira-26","status":"publish","type":"post","link":"http:\/\/www.funceme.br\/?p=9923","title":{"rendered":"Cariri concentra principais chuvas do Cear\u00e1 entre quinta (25) e sexta-feira (26)"},"content":{"rendered":"<p style=\"text-align: justify;\"><span style=\"font-weight: 300;\">A Funda\u00e7\u00e3o Cearense de Meteorologia e Recursos H\u00eddricos (Funceme) registrou chuvas em, aproximadamente, 20 munic\u00edpios, no que se refere ao intervalo entre as 7h desta quinta-feira (25) e as 7h desta sexta (26).<\/span><\/p>\n<p style=\"text-align: justify;\"><span style=\"font-weight: 300;\">Os principais acumulados ocorrem na macrorregi\u00e3o do Cariri, em conformidade com o que havia sido previsto:<\/span><\/p>\n<p style=\"text-align: justify;\"><span style=\"font-weight: 300;\">&#8211;<strong>Jardim<\/strong> (Posto: S\u00cdTIO BONSUCESSO) : 77mm<\/span><span style=\"font-weight: 300;\"><br \/>\n<\/span><span style=\"font-weight: 300;\">&#8211;<strong>Miss\u00e3o Velha<\/strong> (Posto: JAMACARU) : 62mm<\/span><span style=\"font-weight: 300;\"><br \/>\n<\/span><span style=\"font-weight: 300;\">&#8211;<strong>Jardim<\/strong> (Posto: JARDIM) : 42mm<\/span><span style=\"font-weight: 300;\"><br \/>\n<\/span><span style=\"font-weight: 300;\">&#8211;<strong>Jardim<\/strong> (Posto: SERRA BREJINHO) : 38.6mm<\/span><span style=\"font-weight: 300;\"><br \/>\n<\/span><span style=\"font-weight: 300;\">&#8211;<strong>Milagres<\/strong> (Posto: MILAGRES) : 34mm<\/span><\/p>\n<p style=\"text-align: justify;\"><span style=\"font-weight: 300;\">As informa\u00e7\u00f5es s\u00e3o preliminares e podem ser conferidas em <a href=\"http:\/\/funceme.br\/calendario\">funceme.br\/calendario<\/a>.<\/span><\/p>\n","protected":false},"excerpt":{"rendered":"<p>A Funda\u00e7\u00e3o Cearense de Meteorologia e Recursos H\u00eddricos (Funceme) registrou chuvas em, aproximadamente, 20 munic\u00edpios, no que se refere ao intervalo entre as 7h desta quinta-feira (25) e as 7h desta sexta (26).<\/p>\n","protected":false},"author":4,"featured_media":0,"comment_status":"closed","ping_status":"open","sticky":false,"template":"","format":"standard","meta":[],"categories":[81,15],"tags":[50,57,47],"acf":[],"_links":{"self":[{"href":"http:\/\/www.funceme.br\/index.php?rest_route=\/wp\/v2\/posts\/9923"}],"collection":[{"href":"http:\/\/www.funceme.br\/index.php?rest_route=\/wp\/v2\/posts"}],"about":[{"href":"http:\/\/www.funceme.br\/index.php?rest_route=\/wp\/v2\/types\/post"}],"author":[{"embeddable":true,"href":"http:\/\/www.funceme.br\/index.php?rest_route=\/wp\/v2\/users\/4"}],"replies":[{"embeddable":true,"href":"http:\/\/www.funceme.br\/index.php?rest_route=%2Fwp%2Fv2%2Fcomments&post=9923"}],"version-history":[{"count":1,"href":"http:\/\/www.funceme.br\/index.php?rest_route=\/wp\/v2\/posts\/9923\/revisions"}],"predecessor-version":[{"id":9924,"href":"http:\/\/www.funceme.br\/index.php?rest_route=\/wp\/v2\/posts\/9923\/revisions\/9924"}],"wp:attachment":[{"href":"http:\/\/www.funceme.br\/index.php?rest_route=%2Fwp%2Fv2%2Fmedia&parent=9923"}],"wp:term":[{"taxonomy":"category","embeddable":true,"href":"http:\/\/www.funceme.br\/index.php?rest_route=%2Fwp%2Fv2%2Fcategories&post=9923"},{"taxonomy":"post_tag","embeddable":true,"href":"http:\/\/www.funceme.br\/index.php?rest_route=%2Fwp%2Fv2%2Ftags&post=9923"}],"curies":[{"name":"wp","href":"https:\/\/api.w.org\/{rel}","templated":true}]}}