{"id":9926,"date":"2021-11-26T13:57:55","date_gmt":"2021-11-26T16:57:55","guid":{"rendered":"http:\/\/www.funceme.br\/?p=9926"},"modified":"2021-11-26T13:57:55","modified_gmt":"2021-11-26T16:57:55","slug":"ultimo-fim-de-semana-de-novembro-deve-apresentar-ceu-com-poucas-nuvens-e-chuvas-rapidas-em-determinadas-regioes-veja-detalhes","status":"publish","type":"post","link":"http:\/\/www.funceme.br\/?p=9926","title":{"rendered":"\u00daltimo fim de semana de novembro deve apresentar c\u00e9u com poucas nuvens e chuvas r\u00e1pidas em determinadas regi\u00f5es; veja detalhes"},"content":{"rendered":"<div id=\"attachment_9927\" style=\"width: 710px\" class=\"wp-caption aligncenter\"><img aria-describedby=\"caption-attachment-9927\" decoding=\"async\" loading=\"lazy\" class=\"wp-image-9927\" src=\"http:\/\/www.funceme.br\/wp-content\/uploads\/2021\/11\/WhatsApp-Image-2021-11-23-at-15.09.28.jpeg\" alt=\"Para o Litoral de Fortaleza, a tend\u00eancia \u00e9 de c\u00e9u mais claro na maior parte do fim de semana (FOTO: Marciel Bezerra)\" width=\"700\" height=\"394\" srcset=\"http:\/\/www.funceme.br\/wp-content\/uploads\/2021\/11\/WhatsApp-Image-2021-11-23-at-15.09.28.jpeg 1600w, http:\/\/www.funceme.br\/wp-content\/uploads\/2021\/11\/WhatsApp-Image-2021-11-23-at-15.09.28-600x338.jpeg 600w, http:\/\/www.funceme.br\/wp-content\/uploads\/2021\/11\/WhatsApp-Image-2021-11-23-at-15.09.28-1200x675.jpeg 1200w, http:\/\/www.funceme.br\/wp-content\/uploads\/2021\/11\/WhatsApp-Image-2021-11-23-at-15.09.28-768x432.jpeg 768w, http:\/\/www.funceme.br\/wp-content\/uploads\/2021\/11\/WhatsApp-Image-2021-11-23-at-15.09.28-1536x864.jpeg 1536w\" sizes=\"(max-width: 700px) 100vw, 700px\" \/><p id=\"caption-attachment-9927\" class=\"wp-caption-text\"><span style=\"color: #6b6b6b;\"><em>Para o Litoral de Fortaleza, a tend\u00eancia \u00e9 de c\u00e9u mais claro na maior parte do fim de semana (FOTO: Marciel Bezerra)<\/em><\/span><\/p><\/div>\n<p><span style=\"font-weight: 300;\">O \u00faltimo fim de semana do m\u00eas de novembro dever\u00e1 apresentar condi\u00e7\u00f5es de tempo mais est\u00e1veis, por\u00e9m, ainda h\u00e1 tend\u00eancia de chuva fraca e passageira em determinadas \u00e1reas do Estado.<\/span><\/p>\n<p><span style=\"font-weight: 300;\">Ainda para esta sexta-feira (26), a Funda\u00e7\u00e3o Cearense de Meteorologia e Recursos H\u00eddricos (Funceme) indica baixa possibilidade de chuva para o Cariri, j\u00e1 no final do dia. De forma geral, nas demais macrorregi\u00f5es, apenas c\u00e9u com poucas nuvens.<\/span><\/p>\n<p><span style=\"font-weight: 300;\">J\u00e1 para s\u00e1bado (27), a tend\u00eancia \u00e9 de c\u00e9u variando de parcialmente nublado a sem nuvens em todas as macrorregi\u00f5es com baixa possibilidade no Litoral de Fortaleza, Litoral do Pec\u00e9m e Maci\u00e7o de Baturit\u00e9 e Cariri.<\/span><\/p>\n<p><span style=\"font-weight: 300;\">Por fim, para o pr\u00f3ximo domingo (28), a Funceme indica, neste momento, chances reduzidas de chuva para a faixa litor\u00e2nea entre a madrugada e o in\u00edcio da manh\u00e3.<\/span><\/p>\n<p><span style=\"font-weight: 300;\">Tais precipita\u00e7\u00f5es apontadas para os pr\u00f3ximos dias s\u00e3o devido a forma\u00e7\u00e3o de \u00e1reas de instabilidade sobre o oceano Atl\u00e2ntico, forma\u00e7\u00e3o de brisa, bem como efeitos locais, tais como, relevo, umidade e temperatura. <\/span><\/p>\n","protected":false},"excerpt":{"rendered":"<p>O \u00faltimo fim de semana do m\u00eas de novembro dever\u00e1 apresentar condi\u00e7\u00f5es de tempo mais est\u00e1veis, por\u00e9m, ainda h\u00e1 tend\u00eancia de chuva fraca e passageira em determinadas \u00e1reas do Estado.<\/p>\n","protected":false},"author":4,"featured_media":9927,"comment_status":"closed","ping_status":"open","sticky":false,"template":"","format":"standard","meta":[],"categories":[81,15],"tags":[],"acf":[],"_links":{"self":[{"href":"http:\/\/www.funceme.br\/index.php?rest_route=\/wp\/v2\/posts\/9926"}],"collection":[{"href":"http:\/\/www.funceme.br\/index.php?rest_route=\/wp\/v2\/posts"}],"about":[{"href":"http:\/\/www.funceme.br\/index.php?rest_route=\/wp\/v2\/types\/post"}],"author":[{"embeddable":true,"href":"http:\/\/www.funceme.br\/index.php?rest_route=\/wp\/v2\/users\/4"}],"replies":[{"embeddable":true,"href":"http:\/\/www.funceme.br\/index.php?rest_route=%2Fwp%2Fv2%2Fcomments&post=9926"}],"version-history":[{"count":1,"href":"http:\/\/www.funceme.br\/index.php?rest_route=\/wp\/v2\/posts\/9926\/revisions"}],"predecessor-version":[{"id":9928,"href":"http:\/\/www.funceme.br\/index.php?rest_route=\/wp\/v2\/posts\/9926\/revisions\/9928"}],"wp:featuredmedia":[{"embeddable":true,"href":"http:\/\/www.funceme.br\/index.php?rest_route=\/wp\/v2\/media\/9927"}],"wp:attachment":[{"href":"http:\/\/www.funceme.br\/index.php?rest_route=%2Fwp%2Fv2%2Fmedia&parent=9926"}],"wp:term":[{"taxonomy":"category","embeddable":true,"href":"http:\/\/www.funceme.br\/index.php?rest_route=%2Fwp%2Fv2%2Fcategories&post=9926"},{"taxonomy":"post_tag","embeddable":true,"href":"http:\/\/www.funceme.br\/index.php?rest_route=%2Fwp%2Fv2%2Ftags&post=9926"}],"curies":[{"name":"wp","href":"https:\/\/api.w.org\/{rel}","templated":true}]}}