{"id":9960,"date":"2021-12-06T08:01:06","date_gmt":"2021-12-06T11:01:06","guid":{"rendered":"http:\/\/www.funceme.br\/?p=9960"},"modified":"2021-12-06T12:33:01","modified_gmt":"2021-12-06T15:33:01","slug":"ceara-devera-seguir-com-chuvas-rapidas-ate-quarta-feira-8-mas-condicoes-deverao-ser-mais-estaveis","status":"publish","type":"post","link":"http:\/\/www.funceme.br\/?p=9960","title":{"rendered":"Cear\u00e1 dever\u00e1 seguir com chuvas r\u00e1pidas at\u00e9 quarta-feira (8), mas condi\u00e7\u00f5es dever\u00e3o ser mais est\u00e1veis"},"content":{"rendered":"<div id=\"attachment_9962\" style=\"width: 760px\" class=\"wp-caption aligncenter\"><img aria-describedby=\"caption-attachment-9962\" decoding=\"async\" loading=\"lazy\" class=\"wp-image-9962 size-full\" src=\"http:\/\/www.funceme.br\/wp-content\/uploads\/2021\/12\/264774287_1632488947085578_3835428249739595817_n.jpg\" alt=\"Liotral est\u00e1 entre as \u00e1reas com chances de chuva (FOTO: Nely de Carvalho)\" width=\"750\" height=\"563\" srcset=\"http:\/\/www.funceme.br\/wp-content\/uploads\/2021\/12\/264774287_1632488947085578_3835428249739595817_n.jpg 750w, http:\/\/www.funceme.br\/wp-content\/uploads\/2021\/12\/264774287_1632488947085578_3835428249739595817_n-600x450.jpg 600w\" sizes=\"(max-width: 750px) 100vw, 750px\" \/><p id=\"caption-attachment-9962\" class=\"wp-caption-text\"><span style=\"color: #6b6b6b;\"><em>Liotral est\u00e1 entre as \u00e1reas com chances de chuva (FOTO: Nely de Carvalho)<\/em><\/span><\/p><\/div>\n<p style=\"text-align: justify;\"><span style=\"font-weight: 400;\">As condi\u00e7\u00f5es de tempo atuais e os resultados de modelos de previs\u00e3o de tempo indicam que o Cear\u00e1 dever\u00e1 apresentar, at\u00e9 a pr\u00f3xima quarta-feira (8), predom\u00ednio de estabilidade, mas com chuvas pontuais em determinadas \u00e1reas do Estado.<\/span><\/p>\n<p style=\"text-align: justify;\"><span style=\"font-weight: 400;\">Para esta segunda-feira (6), a Funda\u00e7\u00e3o Cearense de Meteorologia e Recursos H\u00eddricos (Funceme) aponta maior concentra\u00e7\u00e3o de nuvens pela manh\u00e3 com precipita\u00e7\u00f5es no Litoral de Fortaleza, principalmente. J\u00e1 entre tarde e noite, a expectativa \u00e9 de registros passageiros nas macrorregi\u00f5es do Litoral Norte, Litoral do Pec\u00e9m, Maci\u00e7o de Baturit\u00e9, na Ibiapaba e ainda no centro-norte do Sert\u00e3o Central e Inhamuns.<\/span><\/p>\n<p style=\"text-align: justify;\"><span style=\"font-weight: 400;\">J\u00e1 nesta ter\u00e7a (7), as precipita\u00e7\u00f5es dever\u00e3o se concentrar entre o per\u00edodo da madrugada e in\u00edcio da manh\u00e3, nas macrorregi\u00f5es do Litoral do Pec\u00e9m, Litoral de Fortaleza e Maci\u00e7o de Baturit\u00e9. A Funceme destaca que essa chuva prevista \u00e9 de car\u00e1ter isolado e de fraca intensidade.<\/span><\/p>\n<p style=\"text-align: justify;\"><span style=\"font-weight: 400;\">Por fim, para o dia 8 deste m\u00eas, a tend\u00eancia, neste momento, \u00e9 de c\u00e9u parcialmente nublado em todas as macrorregi\u00f5es com baixa possibilidade de chuva na faixa litor\u00e2nea e na Ibiapaba.<\/span><\/p>\n","protected":false},"excerpt":{"rendered":"<p>As condi\u00e7\u00f5es de tempo atuais e os resultados de modelos de previs\u00e3o de tempo indicam que o Cear\u00e1 dever\u00e1 apresentar, at\u00e9 a pr\u00f3xima quarta-feira (8), predom\u00ednio de estabilidade, mas com chuvas pontuais em determinadas \u00e1reas do Estado.<\/p>\n","protected":false},"author":4,"featured_media":9962,"comment_status":"closed","ping_status":"open","sticky":false,"template":"","format":"standard","meta":[],"categories":[81,15],"tags":[57,47,49,101],"acf":[],"_links":{"self":[{"href":"http:\/\/www.funceme.br\/index.php?rest_route=\/wp\/v2\/posts\/9960"}],"collection":[{"href":"http:\/\/www.funceme.br\/index.php?rest_route=\/wp\/v2\/posts"}],"about":[{"href":"http:\/\/www.funceme.br\/index.php?rest_route=\/wp\/v2\/types\/post"}],"author":[{"embeddable":true,"href":"http:\/\/www.funceme.br\/index.php?rest_route=\/wp\/v2\/users\/4"}],"replies":[{"embeddable":true,"href":"http:\/\/www.funceme.br\/index.php?rest_route=%2Fwp%2Fv2%2Fcomments&post=9960"}],"version-history":[{"count":3,"href":"http:\/\/www.funceme.br\/index.php?rest_route=\/wp\/v2\/posts\/9960\/revisions"}],"predecessor-version":[{"id":9964,"href":"http:\/\/www.funceme.br\/index.php?rest_route=\/wp\/v2\/posts\/9960\/revisions\/9964"}],"wp:featuredmedia":[{"embeddable":true,"href":"http:\/\/www.funceme.br\/index.php?rest_route=\/wp\/v2\/media\/9962"}],"wp:attachment":[{"href":"http:\/\/www.funceme.br\/index.php?rest_route=%2Fwp%2Fv2%2Fmedia&parent=9960"}],"wp:term":[{"taxonomy":"category","embeddable":true,"href":"http:\/\/www.funceme.br\/index.php?rest_route=%2Fwp%2Fv2%2Fcategories&post=9960"},{"taxonomy":"post_tag","embeddable":true,"href":"http:\/\/www.funceme.br\/index.php?rest_route=%2Fwp%2Fv2%2Ftags&post=9960"}],"curies":[{"name":"wp","href":"https:\/\/api.w.org\/{rel}","templated":true}]}}