{"id":9966,"date":"2021-12-07T10:58:34","date_gmt":"2021-12-07T13:58:34","guid":{"rendered":"http:\/\/www.funceme.br\/?p=9966"},"modified":"2021-12-07T13:44:31","modified_gmt":"2021-12-07T16:44:31","slug":"tiangua-na-ibiapaba-registra-sua-maior-chuva-desde-1972","status":"publish","type":"post","link":"http:\/\/www.funceme.br\/?p=9966","title":{"rendered":"Tiangu\u00e1, na Ibiapaba, registra sua maior chuva desde 1972"},"content":{"rendered":"<p><span style=\"font-weight: 400;\">A chuva registrada na sede de Tiangu\u00e1, na noite desta segunda-feira (6), foi a maior da s\u00e9rie hist\u00f3rica do munic\u00edpio, conforme dados da Funda\u00e7\u00e3o Cearense de Meteorologia e Recursos H\u00eddricos (Funceme). Com 170 mil\u00edmetros, o acumulado superou os 140 mm ocorrido entre os dias 14 e 15 de abril de 1974.<\/span><\/p>\n<p><span style=\"font-weight: 400;\">As chuvas ocorridas no dia de ontem na macrorregi\u00e3o da Ibiapaba &#8211; \u00e1rea que estava sob previs\u00e3o de precipita\u00e7\u00f5es &#8211; foram causadas, principalmente, por \u00e1reas de instabilidades associadas \u00e0 presen\u00e7a de um sistema chamado de <\/span><b>cavado em baixos n\u00edveis<\/b><span style=\"font-weight: 400;\">, al\u00e9m da brisa mar\u00edtima &#8211; que \u00e9 a corrente de ar que sai do oceano para o continente -, al\u00e9m de efeitos locais, tais como temperatura, relevo e umidade mais elevada.\u00a0<\/span><\/p>\n<p><span style=\"font-weight: 400;\">Esse cen\u00e1rio favorece ainda a forma\u00e7\u00e3o de nuvens convectivas do tipo Cumulonimbus, que causam chuvas intensas, descargas el\u00e9tricas, rajadas de vento e com grandes acumulados em poucas horas.<\/span><\/p>\n<p><strong>Previs\u00e3o<\/strong><\/p>\n<p><span style=\"font-weight: 400;\">Para esta ter\u00e7a-feira (7), a Funceme aponta baixa possibilidade de chuva na Ibiapaba, no Maci\u00e7o de Baturit\u00e9 e no norte da regi\u00e3o Jaguaribana e do Sert\u00e3o Central, principalmente entre tarde e noite. As precipita\u00e7\u00f5es esperadas para hoje s\u00e3o em virtude de \u00e1reas de instabilidade oriundas do oceano, al\u00e9m de efeitos locais, como temperatura, relevo e umidade. Elas tendem a ser de forma isolada e com intensidade variando de fraca a moderada.\u00a0<\/span><\/p>\n<p><span style=\"font-weight: 400;\">J\u00e1 para quarta (8), neste momento, a tend\u00eancia \u00e9 de baixa possibilidade de chuva no per\u00edodo da madrugada\/in\u00edcio da manh\u00e3 no Litoral do Pec\u00e9m, no Litoral de Fortaleza e no Maci\u00e7o de Baturit\u00e9. Na Ibiapaba, a chance de precipita\u00e7\u00e3o \u00e9 no per\u00edodo da tarde\/noite.<\/span><\/p>\n","protected":false},"excerpt":{"rendered":"<p>A chuva registrada na sede de Tiangu\u00e1, na noite desta segunda-feira (6), foi a maior da s\u00e9rie hist\u00f3rica do munic\u00edpio, conforme dados da Funda\u00e7\u00e3o Cearense de Meteorologia e Recursos H\u00eddricos (Funceme). Com 170 mil\u00edmetros, o acumulado superou os 140 mm ocorrido entre os dias 14 e 15 de abril de 1974.<\/p>\n","protected":false},"author":4,"featured_media":0,"comment_status":"closed","ping_status":"open","sticky":false,"template":"","format":"standard","meta":[],"categories":[81,15],"tags":[188],"acf":[],"_links":{"self":[{"href":"http:\/\/www.funceme.br\/index.php?rest_route=\/wp\/v2\/posts\/9966"}],"collection":[{"href":"http:\/\/www.funceme.br\/index.php?rest_route=\/wp\/v2\/posts"}],"about":[{"href":"http:\/\/www.funceme.br\/index.php?rest_route=\/wp\/v2\/types\/post"}],"author":[{"embeddable":true,"href":"http:\/\/www.funceme.br\/index.php?rest_route=\/wp\/v2\/users\/4"}],"replies":[{"embeddable":true,"href":"http:\/\/www.funceme.br\/index.php?rest_route=%2Fwp%2Fv2%2Fcomments&post=9966"}],"version-history":[{"count":3,"href":"http:\/\/www.funceme.br\/index.php?rest_route=\/wp\/v2\/posts\/9966\/revisions"}],"predecessor-version":[{"id":9970,"href":"http:\/\/www.funceme.br\/index.php?rest_route=\/wp\/v2\/posts\/9966\/revisions\/9970"}],"wp:attachment":[{"href":"http:\/\/www.funceme.br\/index.php?rest_route=%2Fwp%2Fv2%2Fmedia&parent=9966"}],"wp:term":[{"taxonomy":"category","embeddable":true,"href":"http:\/\/www.funceme.br\/index.php?rest_route=%2Fwp%2Fv2%2Fcategories&post=9966"},{"taxonomy":"post_tag","embeddable":true,"href":"http:\/\/www.funceme.br\/index.php?rest_route=%2Fwp%2Fv2%2Ftags&post=9966"}],"curies":[{"name":"wp","href":"https:\/\/api.w.org\/{rel}","templated":true}]}}