{"id":9987,"date":"2021-12-14T10:41:51","date_gmt":"2021-12-14T13:41:51","guid":{"rendered":"http:\/\/www.funceme.br\/?p=9987"},"modified":"2021-12-14T13:20:59","modified_gmt":"2021-12-14T16:20:59","slug":"chove-em-20-municipios-do-ceara","status":"publish","type":"post","link":"http:\/\/www.funceme.br\/?p=9987","title":{"rendered":"Chove em cerca de 20 munic\u00edpios do Cear\u00e1 entre segunda (13) e ter\u00e7a-feira (14)"},"content":{"rendered":"<div id=\"attachment_9992\" style=\"width: 780px\" class=\"wp-caption alignnone\"><img aria-describedby=\"caption-attachment-9992\" decoding=\"async\" loading=\"lazy\" class=\"size-full wp-image-9992\" src=\"http:\/\/www.funceme.br\/wp-content\/uploads\/2021\/12\/WhatsApp-Image-2021-12-14-at-11.55.40-e1639494184729.jpeg\" alt=\"Chuva em 20 munic\u00edpios cearenses. (Foto: Marciel Bezerra)\" width=\"770\" height=\"433\" \/><p id=\"caption-attachment-9992\" class=\"wp-caption-text\"><em>Chuva em 20 munic\u00edpios cearenses. (Foto: Marciel Bezerra)<\/em><\/p><\/div>\n<p><span style=\"font-weight: 400;\">A Funda\u00e7\u00e3o Cearense de Meteorologia e Recursos H\u00eddricos (Funceme) registrou chuvas em, pelo menos, 22 munic\u00edpios, no intervalo entre as 7h desta segunda (13) e ter\u00e7a-feira (14).<\/span><\/p>\n<p><span style=\"font-weight: 400;\">Os dados parciais indicam que a macrorregi\u00e3o do Cariri, \u00e1rea que estava sob previs\u00e3o de precipita\u00e7\u00f5es, apresentou os principais acumulados. Os principais foram:<\/span><\/p>\n<p>&#8211;<strong>Aurora<\/strong> (Posto: AURORA): 23,5 mm<br \/>\n&#8211;<strong>Crato<\/strong> (Posto: DOM QUINTINO): 17 mm<br \/>\n&#8211;<strong>Ocara<\/strong> (Posto: CURUPIRA): 16 mm<br \/>\n&#8211;<strong>Cariria\u00e7u<\/strong> (Posto: VILA FEITOSA): 15,2 mm<br \/>\n&#8211;<strong>V\u00e1rzea Alegre<\/strong> (Posto: RIACHO VERDE): 12 mm<\/p>\n<p><span style=\"font-weight: 400;\">Os dados de s\u00e3o atualizados no decorrer do dia. Para consultar, basta acessar <a href=\"http:\/\/funceme.br\/calendario\">funceme.br\/calendario<\/a>.<\/span><\/p>\n","protected":false},"excerpt":{"rendered":"<p>A Funda\u00e7\u00e3o Cearense de Meteorologia e Recursos H\u00eddricos (Funceme) registrou chuvas em, pelo menos, 22 munic\u00edpios, no intervalo entre as 7h desta segunda (13) e ter\u00e7a-feira (14). Os dados parciais indicam que a macrorregi\u00e3o do Cariri, \u00e1rea que estava sob previs\u00e3o de precipita\u00e7\u00f5es, apresentou os principais acumulados. Os principais foram: &#8211;Aurora (Posto: AURORA): 23,5 mm [&hellip;]<\/p>\n","protected":false},"author":7,"featured_media":9992,"comment_status":"closed","ping_status":"open","sticky":false,"template":"","format":"standard","meta":[],"categories":[81,15],"tags":[403,57,64,74,82],"acf":[],"_links":{"self":[{"href":"http:\/\/www.funceme.br\/index.php?rest_route=\/wp\/v2\/posts\/9987"}],"collection":[{"href":"http:\/\/www.funceme.br\/index.php?rest_route=\/wp\/v2\/posts"}],"about":[{"href":"http:\/\/www.funceme.br\/index.php?rest_route=\/wp\/v2\/types\/post"}],"author":[{"embeddable":true,"href":"http:\/\/www.funceme.br\/index.php?rest_route=\/wp\/v2\/users\/7"}],"replies":[{"embeddable":true,"href":"http:\/\/www.funceme.br\/index.php?rest_route=%2Fwp%2Fv2%2Fcomments&post=9987"}],"version-history":[{"count":6,"href":"http:\/\/www.funceme.br\/index.php?rest_route=\/wp\/v2\/posts\/9987\/revisions"}],"predecessor-version":[{"id":9995,"href":"http:\/\/www.funceme.br\/index.php?rest_route=\/wp\/v2\/posts\/9987\/revisions\/9995"}],"wp:featuredmedia":[{"embeddable":true,"href":"http:\/\/www.funceme.br\/index.php?rest_route=\/wp\/v2\/media\/9992"}],"wp:attachment":[{"href":"http:\/\/www.funceme.br\/index.php?rest_route=%2Fwp%2Fv2%2Fmedia&parent=9987"}],"wp:term":[{"taxonomy":"category","embeddable":true,"href":"http:\/\/www.funceme.br\/index.php?rest_route=%2Fwp%2Fv2%2Fcategories&post=9987"},{"taxonomy":"post_tag","embeddable":true,"href":"http:\/\/www.funceme.br\/index.php?rest_route=%2Fwp%2Fv2%2Ftags&post=9987"}],"curies":[{"name":"wp","href":"https:\/\/api.w.org\/{rel}","templated":true}]}}